{"id":14610,"date":"2026-04-14T16:03:10","date_gmt":"2026-04-14T20:03:10","guid":{"rendered":"https:\/\/amigoearuba.com\/?p=14610"},"modified":"2026-04-25T22:11:16","modified_gmt":"2026-04-26T02:11:16","slug":"endy-croes-haalt-uit-naar-avp-om-kritiek-op-fase-steun","status":"publish","type":"post","link":"https:\/\/amigoearuba.com\/?p=14610","title":{"rendered":"Endy Croes haalt uit naar AVP om kritiek op FASE-steun"},"content":{"rendered":"<p><strong>ORANJESTAD<\/strong> \u2013 MEP-parlementari\u00ebr Endy Croes heeft fel gereageerd op recente kritiek van AVP-parlementari\u00ebrs op de financi\u00eble steun via FASE tijdens de coronacrisis. Volgens Croes baseren zij zich op informatie die al sinds 28 april 2022 openbaar is gemaakt in een rapport van de Algemene Rekenkamer Aruba (ARA).<\/p>\n<p>Croes wijst erop dat Aruba in maart 2020 werd getroffen door een gezondheidscrisis met grote economische gevolgen. Volgens hem becijferde de SVB destijds dat ongeveer 25.000 werknemers, oftewel 58 procent van de beroepsbevolking, zonder inkomen dreigden te raken.<\/p>\n<p>Volgens de MEP-parlementari\u00ebr stond de regering toen voor de keuze om snel noodsteun te verlenen of te wachten op formele wetgeving, met het risico dat gezinnen zonder middelen zouden komen te zitten. Croes benadrukt dat het kabinet-Wever-Croes ervoor koos directe hulp te bieden om armoede en voedseltekorten te voorkomen.<\/p>\n<p>Hij verwijst daarbij naar het ARA-rapport uit 2022. Daarin concludeerde de Rekenkamer volgens Croes dat de ruime verstrekking van FASE een belangrijke bijdrage leverde aan het voorkomen van ernstige armoede en honger. Tegelijkertijd kwalificeerde ARA de betalingen als onrechtmatig, omdat op dat moment nog geen wettelijke basis bestond. De Rekenkamer adviseerde toen om die wettelijke grondslag zo snel mogelijk alsnog vast te leggen.<\/p>\n<p>Croes stelt dat de regering dat advies heeft opgevolgd. Op 12 juli 2022 werd volgens hem de Landsverordening Tijdelijke FASE door het parlement goedgekeurd, waarmee de regeling formeel werd vastgelegd.<\/p>\n<p>De parlementari\u00ebr zegt dat de recente opmerkingen van AVP voortkomen uit een herhaling van eerdere bevindingen in het onderzoek naar het boekjaar 2020. Volgens hem wordt daarmee oude informatie opnieuw aangehaald alsof die nieuw zou zijn.<\/p>\n<p>In zijn verklaring beschuldigt Croes de oppositie ervan onvoldoende kennis te hebben genomen van het rapport uit 2022. Ook stelt hij dat AVP de term \u2018onrechtmatig\u2019 gebruikt om politiek voordeel te behalen en het debat over de autonomie van Aruba aan te wakkeren.<\/p>\n<p>Croes besluit dat de keuze van MEP tijdens de crisis was gericht op het waarborgen van bestaanszekerheid voor de bevolking. Volgens hem moet de oppositie eerst de feiten op een rij zetten voordat zij opnieuw kritiek uit op de FASE-regeling.<\/p>\n","protected":false},"excerpt":{"rendered":"<p>MEP-parlementari\u00ebr Endy Croes stelt dat de kritiek van AVP op de FASE-steun achterhaald is, omdat de bevindingen van de Algemene Rekenkamer al sinds 2022 openbaar zijn en de tijdelijke wetgeving toen al is vastgesteld.<\/p>\n","protected":false},"author":1,"featured_media":14609,"comment_status":"open","ping_status":"open","sticky":false,"template":"","format":"standard","meta":{"_uag_custom_page_level_css":"","tdm_status":"","tdm_grid_status":"","footnotes":""},"categories":[156],"tags":[],"class_list":{"0":"post-14610","1":"post","2":"type-post","3":"status-publish","4":"format-standard","5":"has-post-thumbnail","7":"category-politiek"},"yoast_head":"<!-- This site is optimized with the Yoast SEO plugin v27.4 - https:\/\/yoast.com\/product\/yoast-seo-wordpress\/ -->\n<title>Endy Croes haalt uit naar AVP om kritiek op FASE-steun - Amigoe Aruba<\/title>\n<meta name=\"robots\" content=\"index, follow, max-snippet:-1, max-image-preview:large, max-video-preview:-1\" \/>\n<link rel=\"canonical\" href=\"https:\/\/amigoearuba.com\/?p=14610\" \/>\n<meta property=\"og:locale\" content=\"nl_NL\" \/>\n<meta property=\"og:type\" content=\"article\" \/>\n<meta property=\"og:title\" content=\"Endy Croes haalt uit naar AVP om kritiek op FASE-steun - Amigoe Aruba\" \/>\n<meta property=\"og:description\" content=\"MEP-parlementari\u00ebr Endy Croes stelt dat de kritiek van AVP op de FASE-steun achterhaald is, omdat de bevindingen van de Algemene Rekenkamer al sinds 2022 openbaar zijn en de tijdelijke wetgeving toen al is vastgesteld.\" \/>\n<meta property=\"og:url\" content=\"https:\/\/amigoearuba.com\/?p=14610\" \/>\n<meta property=\"og:site_name\" content=\"Amigoe Aruba\" \/>\n<meta property=\"article:published_time\" content=\"2026-04-14T20:03:10+00:00\" \/>\n<meta property=\"article:modified_time\" content=\"2026-04-26T02:11:16+00:00\" \/>\n<meta property=\"og:image\" content=\"https:\/\/amigoearuba.com\/wp-content\/uploads\/2026\/04\/IMG_8722-scaled.jpg\" \/>\n\t<meta property=\"og:image:width\" content=\"2560\" \/>\n\t<meta property=\"og:image:height\" content=\"1707\" \/>\n\t<meta property=\"og:image:type\" content=\"image\/jpeg\" \/>\n<meta name=\"author\" content=\"Amigoe Aruba\" \/>\n<meta name=\"twitter:card\" content=\"summary_large_image\" \/>\n<meta name=\"twitter:label1\" content=\"Geschreven door\" \/>\n\t<meta name=\"twitter:data1\" content=\"Amigoe Aruba\" \/>\n\t<meta name=\"twitter:label2\" content=\"Verwachte leestijd\" \/>\n\t<meta name=\"twitter:data2\" content=\"2 minuten\" \/>\n<script type=\"application\/ld+json\" class=\"yoast-schema-graph\">{\"@context\":\"https:\\\/\\\/schema.org\",\"@graph\":[{\"@type\":\"Article\",\"@id\":\"https:\\\/\\\/amigoearuba.com\\\/?p=14610#article\",\"isPartOf\":{\"@id\":\"https:\\\/\\\/amigoearuba.com\\\/?p=14610\"},\"author\":{\"name\":\"Amigoe Aruba\",\"@id\":\"https:\\\/\\\/amigoearuba.com\\\/#\\\/schema\\\/person\\\/bf6efee3e232dd3f7774568893f79bbe\"},\"headline\":\"Endy Croes haalt uit naar AVP om kritiek op FASE-steun\",\"datePublished\":\"2026-04-14T20:03:10+00:00\",\"dateModified\":\"2026-04-26T02:11:16+00:00\",\"mainEntityOfPage\":{\"@id\":\"https:\\\/\\\/amigoearuba.com\\\/?p=14610\"},\"wordCount\":350,\"commentCount\":0,\"publisher\":{\"@id\":\"https:\\\/\\\/amigoearuba.com\\\/#organization\"},\"image\":{\"@id\":\"https:\\\/\\\/amigoearuba.com\\\/?p=14610#primaryimage\"},\"thumbnailUrl\":\"https:\\\/\\\/amigoearuba.com\\\/wp-content\\\/uploads\\\/2026\\\/04\\\/IMG_8722-scaled.jpg\",\"articleSection\":[\"Politiek\"],\"inLanguage\":\"nl-NL\",\"potentialAction\":[{\"@type\":\"CommentAction\",\"name\":\"Comment\",\"target\":[\"https:\\\/\\\/amigoearuba.com\\\/?p=14610#respond\"]}]},{\"@type\":\"WebPage\",\"@id\":\"https:\\\/\\\/amigoearuba.com\\\/?p=14610\",\"url\":\"https:\\\/\\\/amigoearuba.com\\\/?p=14610\",\"name\":\"Endy Croes haalt uit naar AVP om kritiek op FASE-steun - Amigoe Aruba\",\"isPartOf\":{\"@id\":\"https:\\\/\\\/amigoearuba.com\\\/#website\"},\"primaryImageOfPage\":{\"@id\":\"https:\\\/\\\/amigoearuba.com\\\/?p=14610#primaryimage\"},\"image\":{\"@id\":\"https:\\\/\\\/amigoearuba.com\\\/?p=14610#primaryimage\"},\"thumbnailUrl\":\"https:\\\/\\\/amigoearuba.com\\\/wp-content\\\/uploads\\\/2026\\\/04\\\/IMG_8722-scaled.jpg\",\"datePublished\":\"2026-04-14T20:03:10+00:00\",\"dateModified\":\"2026-04-26T02:11:16+00:00\",\"breadcrumb\":{\"@id\":\"https:\\\/\\\/amigoearuba.com\\\/?p=14610#breadcrumb\"},\"inLanguage\":\"nl-NL\",\"potentialAction\":[{\"@type\":\"ReadAction\",\"target\":[\"https:\\\/\\\/amigoearuba.com\\\/?p=14610\"]}]},{\"@type\":\"ImageObject\",\"inLanguage\":\"nl-NL\",\"@id\":\"https:\\\/\\\/amigoearuba.com\\\/?p=14610#primaryimage\",\"url\":\"https:\\\/\\\/amigoearuba.com\\\/wp-content\\\/uploads\\\/2026\\\/04\\\/IMG_8722-scaled.jpg\",\"contentUrl\":\"https:\\\/\\\/amigoearuba.com\\\/wp-content\\\/uploads\\\/2026\\\/04\\\/IMG_8722-scaled.jpg\",\"width\":2560,\"height\":1707},{\"@type\":\"BreadcrumbList\",\"@id\":\"https:\\\/\\\/amigoearuba.com\\\/?p=14610#breadcrumb\",\"itemListElement\":[{\"@type\":\"ListItem\",\"position\":1,\"name\":\"Home\",\"item\":\"https:\\\/\\\/amigoearuba.com\\\/\"},{\"@type\":\"ListItem\",\"position\":2,\"name\":\"Endy Croes haalt uit naar AVP om kritiek op FASE-steun\"}]},{\"@type\":\"WebSite\",\"@id\":\"https:\\\/\\\/amigoearuba.com\\\/#website\",\"url\":\"https:\\\/\\\/amigoearuba.com\\\/\",\"name\":\"Amigoe Aruba\",\"description\":\"\",\"publisher\":{\"@id\":\"https:\\\/\\\/amigoearuba.com\\\/#organization\"},\"potentialAction\":[{\"@type\":\"SearchAction\",\"target\":{\"@type\":\"EntryPoint\",\"urlTemplate\":\"https:\\\/\\\/amigoearuba.com\\\/?s={search_term_string}\"},\"query-input\":{\"@type\":\"PropertyValueSpecification\",\"valueRequired\":true,\"valueName\":\"search_term_string\"}}],\"inLanguage\":\"nl-NL\"},{\"@type\":\"Organization\",\"@id\":\"https:\\\/\\\/amigoearuba.com\\\/#organization\",\"name\":\"Amigoe Aruba\",\"url\":\"https:\\\/\\\/amigoearuba.com\\\/\",\"logo\":{\"@type\":\"ImageObject\",\"inLanguage\":\"nl-NL\",\"@id\":\"https:\\\/\\\/amigoearuba.com\\\/#\\\/schema\\\/logo\\\/image\\\/\",\"url\":\"https:\\\/\\\/amigoearuba.com\\\/wp-content\\\/uploads\\\/2025\\\/06\\\/Asset-33amigoe@3x.png\",\"contentUrl\":\"https:\\\/\\\/amigoearuba.com\\\/wp-content\\\/uploads\\\/2025\\\/06\\\/Asset-33amigoe@3x.png\",\"width\":223,\"height\":72,\"caption\":\"Amigoe Aruba\"},\"image\":{\"@id\":\"https:\\\/\\\/amigoearuba.com\\\/#\\\/schema\\\/logo\\\/image\\\/\"}},{\"@type\":\"Person\",\"@id\":\"https:\\\/\\\/amigoearuba.com\\\/#\\\/schema\\\/person\\\/bf6efee3e232dd3f7774568893f79bbe\",\"name\":\"Amigoe Aruba\",\"image\":{\"@type\":\"ImageObject\",\"inLanguage\":\"nl-NL\",\"@id\":\"https:\\\/\\\/secure.gravatar.com\\\/avatar\\\/393414aeb45fea6a12f8d5e0d40843d9b3a5c2919bde6e207590d000a8671b26?s=96&d=mm&r=g\",\"url\":\"https:\\\/\\\/secure.gravatar.com\\\/avatar\\\/393414aeb45fea6a12f8d5e0d40843d9b3a5c2919bde6e207590d000a8671b26?s=96&d=mm&r=g\",\"contentUrl\":\"https:\\\/\\\/secure.gravatar.com\\\/avatar\\\/393414aeb45fea6a12f8d5e0d40843d9b3a5c2919bde6e207590d000a8671b26?s=96&d=mm&r=g\",\"caption\":\"Amigoe Aruba\"},\"sameAs\":[\"https:\\\/\\\/amigoearuba.com\"],\"url\":\"https:\\\/\\\/amigoearuba.com\\\/?author=1\"}]}<\/script>\n<!-- \/ Yoast SEO plugin. -->","yoast_head_json":{"title":"Endy Croes haalt uit naar AVP om kritiek op FASE-steun - Amigoe Aruba","robots":{"index":"index","follow":"follow","max-snippet":"max-snippet:-1","max-image-preview":"max-image-preview:large","max-video-preview":"max-video-preview:-1"},"canonical":"https:\/\/amigoearuba.com\/?p=14610","og_locale":"nl_NL","og_type":"article","og_title":"Endy Croes haalt uit naar AVP om kritiek op FASE-steun - Amigoe Aruba","og_description":"MEP-parlementari\u00ebr Endy Croes stelt dat de kritiek van AVP op de FASE-steun achterhaald is, omdat de bevindingen van de Algemene Rekenkamer al sinds 2022 openbaar zijn en de tijdelijke wetgeving toen al is vastgesteld.","og_url":"https:\/\/amigoearuba.com\/?p=14610","og_site_name":"Amigoe Aruba","article_published_time":"2026-04-14T20:03:10+00:00","article_modified_time":"2026-04-26T02:11:16+00:00","og_image":[{"width":2560,"height":1707,"url":"https:\/\/amigoearuba.com\/wp-content\/uploads\/2026\/04\/IMG_8722-scaled.jpg","type":"image\/jpeg"}],"author":"Amigoe Aruba","twitter_card":"summary_large_image","twitter_misc":{"Geschreven door":"Amigoe Aruba","Verwachte leestijd":"2 minuten"},"schema":{"@context":"https:\/\/schema.org","@graph":[{"@type":"Article","@id":"https:\/\/amigoearuba.com\/?p=14610#article","isPartOf":{"@id":"https:\/\/amigoearuba.com\/?p=14610"},"author":{"name":"Amigoe Aruba","@id":"https:\/\/amigoearuba.com\/#\/schema\/person\/bf6efee3e232dd3f7774568893f79bbe"},"headline":"Endy Croes haalt uit naar AVP om kritiek op FASE-steun","datePublished":"2026-04-14T20:03:10+00:00","dateModified":"2026-04-26T02:11:16+00:00","mainEntityOfPage":{"@id":"https:\/\/amigoearuba.com\/?p=14610"},"wordCount":350,"commentCount":0,"publisher":{"@id":"https:\/\/amigoearuba.com\/#organization"},"image":{"@id":"https:\/\/amigoearuba.com\/?p=14610#primaryimage"},"thumbnailUrl":"https:\/\/amigoearuba.com\/wp-content\/uploads\/2026\/04\/IMG_8722-scaled.jpg","articleSection":["Politiek"],"inLanguage":"nl-NL","potentialAction":[{"@type":"CommentAction","name":"Comment","target":["https:\/\/amigoearuba.com\/?p=14610#respond"]}]},{"@type":"WebPage","@id":"https:\/\/amigoearuba.com\/?p=14610","url":"https:\/\/amigoearuba.com\/?p=14610","name":"Endy Croes haalt uit naar AVP om kritiek op FASE-steun - Amigoe Aruba","isPartOf":{"@id":"https:\/\/amigoearuba.com\/#website"},"primaryImageOfPage":{"@id":"https:\/\/amigoearuba.com\/?p=14610#primaryimage"},"image":{"@id":"https:\/\/amigoearuba.com\/?p=14610#primaryimage"},"thumbnailUrl":"https:\/\/amigoearuba.com\/wp-content\/uploads\/2026\/04\/IMG_8722-scaled.jpg","datePublished":"2026-04-14T20:03:10+00:00","dateModified":"2026-04-26T02:11:16+00:00","breadcrumb":{"@id":"https:\/\/amigoearuba.com\/?p=14610#breadcrumb"},"inLanguage":"nl-NL","potentialAction":[{"@type":"ReadAction","target":["https:\/\/amigoearuba.com\/?p=14610"]}]},{"@type":"ImageObject","inLanguage":"nl-NL","@id":"https:\/\/amigoearuba.com\/?p=14610#primaryimage","url":"https:\/\/amigoearuba.com\/wp-content\/uploads\/2026\/04\/IMG_8722-scaled.jpg","contentUrl":"https:\/\/amigoearuba.com\/wp-content\/uploads\/2026\/04\/IMG_8722-scaled.jpg","width":2560,"height":1707},{"@type":"BreadcrumbList","@id":"https:\/\/amigoearuba.com\/?p=14610#breadcrumb","itemListElement":[{"@type":"ListItem","position":1,"name":"Home","item":"https:\/\/amigoearuba.com\/"},{"@type":"ListItem","position":2,"name":"Endy Croes haalt uit naar AVP om kritiek op FASE-steun"}]},{"@type":"WebSite","@id":"https:\/\/amigoearuba.com\/#website","url":"https:\/\/amigoearuba.com\/","name":"Amigoe Aruba","description":"","publisher":{"@id":"https:\/\/amigoearuba.com\/#organization"},"potentialAction":[{"@type":"SearchAction","target":{"@type":"EntryPoint","urlTemplate":"https:\/\/amigoearuba.com\/?s={search_term_string}"},"query-input":{"@type":"PropertyValueSpecification","valueRequired":true,"valueName":"search_term_string"}}],"inLanguage":"nl-NL"},{"@type":"Organization","@id":"https:\/\/amigoearuba.com\/#organization","name":"Amigoe Aruba","url":"https:\/\/amigoearuba.com\/","logo":{"@type":"ImageObject","inLanguage":"nl-NL","@id":"https:\/\/amigoearuba.com\/#\/schema\/logo\/image\/","url":"https:\/\/amigoearuba.com\/wp-content\/uploads\/2025\/06\/Asset-33amigoe@3x.png","contentUrl":"https:\/\/amigoearuba.com\/wp-content\/uploads\/2025\/06\/Asset-33amigoe@3x.png","width":223,"height":72,"caption":"Amigoe Aruba"},"image":{"@id":"https:\/\/amigoearuba.com\/#\/schema\/logo\/image\/"}},{"@type":"Person","@id":"https:\/\/amigoearuba.com\/#\/schema\/person\/bf6efee3e232dd3f7774568893f79bbe","name":"Amigoe Aruba","image":{"@type":"ImageObject","inLanguage":"nl-NL","@id":"https:\/\/secure.gravatar.com\/avatar\/393414aeb45fea6a12f8d5e0d40843d9b3a5c2919bde6e207590d000a8671b26?s=96&d=mm&r=g","url":"https:\/\/secure.gravatar.com\/avatar\/393414aeb45fea6a12f8d5e0d40843d9b3a5c2919bde6e207590d000a8671b26?s=96&d=mm&r=g","contentUrl":"https:\/\/secure.gravatar.com\/avatar\/393414aeb45fea6a12f8d5e0d40843d9b3a5c2919bde6e207590d000a8671b26?s=96&d=mm&r=g","caption":"Amigoe Aruba"},"sameAs":["https:\/\/amigoearuba.com"],"url":"https:\/\/amigoearuba.com\/?author=1"}]}},"jetpack_featured_media_url":"https:\/\/amigoearuba.com\/wp-content\/uploads\/2026\/04\/IMG_8722-scaled.jpg","uagb_featured_image_src":{"full":["https:\/\/amigoearuba.com\/wp-content\/uploads\/2026\/04\/IMG_8722-scaled.jpg",2560,1707,false],"thumbnail":["https:\/\/amigoearuba.com\/wp-content\/uploads\/2026\/04\/IMG_8722-150x150.jpg",150,150,true],"medium":["https:\/\/amigoearuba.com\/wp-content\/uploads\/2026\/04\/IMG_8722-300x200.jpg",300,200,true],"medium_large":["https:\/\/amigoearuba.com\/wp-content\/uploads\/2026\/04\/IMG_8722-768x512.jpg",696,464,true],"large":["https:\/\/amigoearuba.com\/wp-content\/uploads\/2026\/04\/IMG_8722-1024x683.jpg",696,464,true],"1536x1536":["https:\/\/amigoearuba.com\/wp-content\/uploads\/2026\/04\/IMG_8722-1536x1024.jpg",1536,1024,true],"2048x2048":["https:\/\/amigoearuba.com\/wp-content\/uploads\/2026\/04\/IMG_8722-2048x1365.jpg",2048,1365,true],"td_0x420":["https:\/\/amigoearuba.com\/wp-content\/uploads\/2026\/04\/IMG_8722-630x420.jpg",630,420,true],"td_80x60":["https:\/\/amigoearuba.com\/wp-content\/uploads\/2026\/04\/IMG_8722-80x60.jpg",80,60,true],"td_150x0":["https:\/\/amigoearuba.com\/wp-content\/uploads\/2026\/04\/IMG_8722-150x100.jpg",150,100,true],"td_218x150":["https:\/\/amigoearuba.com\/wp-content\/uploads\/2026\/04\/IMG_8722-218x150.jpg",218,150,true],"td_300x0":["https:\/\/amigoearuba.com\/wp-content\/uploads\/2026\/04\/IMG_8722-300x200.jpg",300,200,true],"td_324x400":["https:\/\/amigoearuba.com\/wp-content\/uploads\/2026\/04\/IMG_8722-324x400.jpg",324,400,true],"td_485x360":["https:\/\/amigoearuba.com\/wp-content\/uploads\/2026\/04\/IMG_8722-485x360.jpg",485,360,true],"td_696x0":["https:\/\/amigoearuba.com\/wp-content\/uploads\/2026\/04\/IMG_8722-696x464.jpg",696,464,true],"td_1068x0":["https:\/\/amigoearuba.com\/wp-content\/uploads\/2026\/04\/IMG_8722-1068x712.jpg",1068,712,true],"td_1920x0":["https:\/\/amigoearuba.com\/wp-content\/uploads\/2026\/04\/IMG_8722-1920x1280.jpg",1920,1280,true],"td_265x198":["https:\/\/amigoearuba.com\/wp-content\/uploads\/2026\/04\/IMG_8722-265x198.jpg",265,198,true],"td_741x486":["https:\/\/amigoearuba.com\/wp-content\/uploads\/2026\/04\/IMG_8722-741x486.jpg",741,486,true]},"uagb_author_info":{"display_name":"Amigoe Aruba","author_link":"https:\/\/amigoearuba.com\/?author=1"},"uagb_comment_info":0,"uagb_excerpt":"MEP-parlementari\u00ebr Endy Croes stelt dat de kritiek van AVP op de FASE-steun achterhaald is, omdat de bevindingen van de Algemene Rekenkamer al sinds 2022 openbaar zijn en de tijdelijke wetgeving toen al is vastgesteld.","amp_enabled":true,"_links":{"self":[{"href":"https:\/\/amigoearuba.com\/index.php?rest_route=\/wp\/v2\/posts\/14610","targetHints":{"allow":["GET"]}}],"collection":[{"href":"https:\/\/amigoearuba.com\/index.php?rest_route=\/wp\/v2\/posts"}],"about":[{"href":"https:\/\/amigoearuba.com\/index.php?rest_route=\/wp\/v2\/types\/post"}],"author":[{"embeddable":true,"href":"https:\/\/amigoearuba.com\/index.php?rest_route=\/wp\/v2\/users\/1"}],"replies":[{"embeddable":true,"href":"https:\/\/amigoearuba.com\/index.php?rest_route=%2Fwp%2Fv2%2Fcomments&post=14610"}],"version-history":[{"count":1,"href":"https:\/\/amigoearuba.com\/index.php?rest_route=\/wp\/v2\/posts\/14610\/revisions"}],"predecessor-version":[{"id":14611,"href":"https:\/\/amigoearuba.com\/index.php?rest_route=\/wp\/v2\/posts\/14610\/revisions\/14611"}],"wp:featuredmedia":[{"embeddable":true,"href":"https:\/\/amigoearuba.com\/index.php?rest_route=\/wp\/v2\/media\/14609"}],"wp:attachment":[{"href":"https:\/\/amigoearuba.com\/index.php?rest_route=%2Fwp%2Fv2%2Fmedia&parent=14610"}],"wp:term":[{"taxonomy":"category","embeddable":true,"href":"https:\/\/amigoearuba.com\/index.php?rest_route=%2Fwp%2Fv2%2Fcategories&post=14610"},{"taxonomy":"post_tag","embeddable":true,"href":"https:\/\/amigoearuba.com\/index.php?rest_route=%2Fwp%2Fv2%2Ftags&post=14610"}],"curies":[{"name":"wp","href":"https:\/\/api.w.org\/{rel}","templated":true}]}}