{"id":14589,"date":"2026-04-14T11:33:37","date_gmt":"2026-04-14T15:33:37","guid":{"rendered":"https:\/\/amigoearuba.com\/?p=14589"},"modified":"2026-04-25T22:07:57","modified_gmt":"2026-04-26T02:07:57","slug":"santo-domingo-vraagt-curacao-mee-te-denken-over-sociaal-overleg","status":"publish","type":"post","link":"https:\/\/amigoearuba.com\/?p=14589","title":{"rendered":"Santo Domingo vraagt Cura\u00e7ao mee te denken over sociaal overleg"},"content":{"rendered":"<p>WILLEMSTAD \u2014 De Sociaal-Economische Raad (SER) van Cura\u00e7ao was op 10 en 11 april vertegenwoordigd in Santo Domingo bij een tweedaagse workshop voor nieuwe raadsleden van de Dominicaanse Consejo Econ\u00f3mico y Social (CES). SER-directeur en algemeen secretaris Ra\u00fal Henr\u00edquez nam op uitnodiging van CES-voorzitter Rafael Toribio deel aan het internationale deel van het programma.<\/p>\n<p>Tijdens de bijeenkomst in het Crowne Plaza Hotel sprak Henr\u00edquez over AICESIS, de wereldwijde vereniging van sociaaleconomische raden en vergelijkbare instellingen. In zijn bijdrage legde hij nadrukkelijk de nadruk op de rol van Caribische en Latijns-Amerikaanse raden binnen dat internationale netwerk. Ook vertegenwoordigers uit Guatemala en Spanje verzorgden presentaties over de onderlinge verhouding tussen nationale adviesraden via internationale netwerken.<\/p>\n<p>Henr\u00edquez benadrukte dat een sociaaleconomische raad volgens hem geen bijkomstigheid is binnen een democratisch systeem. \u201cEen SER is in 2026 geen accessoire van het democratisch systeem; het is een stuk stabiliteit\u201d, zei hij tijdens zijn toespraak. Daarbij wees hij erop dat kleine, open en insulaire economie\u00ebn extra kwetsbaar zijn voor geopolitieke spanningen, stijgende energiekosten, verstoorde aanvoerketens en afnemend vertrouwen.<\/p>\n<p>Volgens de SER maakt dat duidelijk dat goed beleid niet alleen afhangt van de inhoud van maatregelen, maar ook van de legitimiteit van de wijze waarop die tot stand komen. De raad ziet daarin ook voor Cura\u00e7ao een directe les.<\/p>\n<p>In de slotbeschouwing van CES-voorzitter Toribio verschoof de aandacht van opleiding naar institutionele slagkracht. Hij stelde dat een SER niet alleen overleg moet organiseren, maar ook de eigen invloed moet versterken, gemaakte afspraken systematisch moet volgen en zichtbaar moet maken wie afspraken nakomt en wie achterblijft.<\/p>\n<p>Volgens het persbericht raakt die discussie ook aan de positie van Cura\u00e7ao. De kracht van een sociaaleconomische adviesraad ligt daarbij niet alleen in de juridische status, maar ook in de kwaliteit van analyses, de interne samenhang en het vermogen om maatschappelijke en politieke druk op te bouwen.<\/p>\n<p>De workshop in Santo Domingo sloot daarop aan met sessies over het wettelijk kader van de Dominicaanse SER, beleidsbe\u00efnvloeding, ethiek van representatie en de invoering van een nieuw systeem van kwaliteitszorg.<\/p>\n<p>Dat juist Cura\u00e7ao werd gevraagd voor het internationale onderdeel, past volgens de SER in een bredere ontwikkeling. De Dominicaanse CES profileert zich als constitutioneel orgaan van sociaal overleg, terwijl AICESIS zich richt op het bevorderen van dialoog en het uitwisselen van ervaringen en goede praktijken tussen sociaaleconomische raden en vergelijkbare instellingen.<\/p>\n<p>Volgens de SER was de bijeenkomst daarom meer dan een buitenlandse verplichting. Zij onderstreepte het belang van vergelijkend institutioneel leren in een regio waar legitimiteit, uitvoeringskracht en sociale rust onder druk staan. Voor de SER van Cura\u00e7ao betekende de uitnodiging niet alleen internationale zichtbaarheid, maar ook een kans om de eigen institutionele rol verder aan te scherpen.<\/p>\n","protected":false},"excerpt":{"rendered":"<p>De Sociaal-Economische Raad van Cura\u00e7ao heeft in Santo Domingo deelgenomen aan een tweedaagse workshop van de Dominicaanse Consejo Econ\u00f3mico y Social. Volgens de SER onderstreepte de bijeenkomst het belang van sterk en zichtbaar sociaal overleg in een onzekere regio.<\/p>\n","protected":false},"author":1,"featured_media":14588,"comment_status":"open","ping_status":"open","sticky":false,"template":"","format":"standard","meta":{"_uag_custom_page_level_css":"","tdm_status":"","tdm_grid_status":"","footnotes":""},"categories":[156],"tags":[],"class_list":{"0":"post-14589","1":"post","2":"type-post","3":"status-publish","4":"format-standard","5":"has-post-thumbnail","7":"category-politiek"},"yoast_head":"<!-- This site is optimized with the Yoast SEO plugin v27.4 - https:\/\/yoast.com\/product\/yoast-seo-wordpress\/ -->\n<title>Santo Domingo vraagt Cura\u00e7ao mee te denken over sociaal overleg - Amigoe Aruba<\/title>\n<meta name=\"robots\" content=\"index, follow, max-snippet:-1, max-image-preview:large, max-video-preview:-1\" \/>\n<link rel=\"canonical\" href=\"https:\/\/amigoearuba.com\/?p=14589\" \/>\n<meta property=\"og:locale\" content=\"nl_NL\" \/>\n<meta property=\"og:type\" content=\"article\" \/>\n<meta property=\"og:title\" content=\"Santo Domingo vraagt Cura\u00e7ao mee te denken over sociaal overleg - Amigoe Aruba\" \/>\n<meta property=\"og:description\" content=\"De Sociaal-Economische Raad van Cura\u00e7ao heeft in Santo Domingo deelgenomen aan een tweedaagse workshop van de Dominicaanse Consejo Econ\u00f3mico y Social. Volgens de SER onderstreepte de bijeenkomst het belang van sterk en zichtbaar sociaal overleg in een onzekere regio.\" \/>\n<meta property=\"og:url\" content=\"https:\/\/amigoearuba.com\/?p=14589\" \/>\n<meta property=\"og:site_name\" content=\"Amigoe Aruba\" \/>\n<meta property=\"article:published_time\" content=\"2026-04-14T15:33:37+00:00\" \/>\n<meta property=\"article:modified_time\" content=\"2026-04-26T02:07:57+00:00\" \/>\n<meta property=\"og:image\" content=\"https:\/\/amigoearuba.com\/wp-content\/uploads\/2026\/04\/DomRep6-scaled.jpeg\" \/>\n\t<meta property=\"og:image:width\" content=\"2560\" \/>\n\t<meta property=\"og:image:height\" content=\"1707\" \/>\n\t<meta property=\"og:image:type\" content=\"image\/jpeg\" \/>\n<meta name=\"author\" content=\"Amigoe Aruba\" \/>\n<meta name=\"twitter:card\" content=\"summary_large_image\" \/>\n<meta name=\"twitter:label1\" content=\"Geschreven door\" \/>\n\t<meta name=\"twitter:data1\" content=\"Amigoe Aruba\" \/>\n\t<meta name=\"twitter:label2\" content=\"Verwachte leestijd\" \/>\n\t<meta name=\"twitter:data2\" content=\"2 minuten\" \/>\n<script type=\"application\/ld+json\" class=\"yoast-schema-graph\">{\"@context\":\"https:\\\/\\\/schema.org\",\"@graph\":[{\"@type\":\"Article\",\"@id\":\"https:\\\/\\\/amigoearuba.com\\\/?p=14589#article\",\"isPartOf\":{\"@id\":\"https:\\\/\\\/amigoearuba.com\\\/?p=14589\"},\"author\":{\"name\":\"Amigoe Aruba\",\"@id\":\"https:\\\/\\\/amigoearuba.com\\\/#\\\/schema\\\/person\\\/bf6efee3e232dd3f7774568893f79bbe\"},\"headline\":\"Santo Domingo vraagt Cura\u00e7ao mee te denken over sociaal overleg\",\"datePublished\":\"2026-04-14T15:33:37+00:00\",\"dateModified\":\"2026-04-26T02:07:57+00:00\",\"mainEntityOfPage\":{\"@id\":\"https:\\\/\\\/amigoearuba.com\\\/?p=14589\"},\"wordCount\":463,\"commentCount\":0,\"publisher\":{\"@id\":\"https:\\\/\\\/amigoearuba.com\\\/#organization\"},\"image\":{\"@id\":\"https:\\\/\\\/amigoearuba.com\\\/?p=14589#primaryimage\"},\"thumbnailUrl\":\"https:\\\/\\\/amigoearuba.com\\\/wp-content\\\/uploads\\\/2026\\\/04\\\/DomRep6-scaled.jpeg\",\"articleSection\":[\"Politiek\"],\"inLanguage\":\"nl-NL\",\"potentialAction\":[{\"@type\":\"CommentAction\",\"name\":\"Comment\",\"target\":[\"https:\\\/\\\/amigoearuba.com\\\/?p=14589#respond\"]}]},{\"@type\":\"WebPage\",\"@id\":\"https:\\\/\\\/amigoearuba.com\\\/?p=14589\",\"url\":\"https:\\\/\\\/amigoearuba.com\\\/?p=14589\",\"name\":\"Santo Domingo vraagt Cura\u00e7ao mee te denken over sociaal overleg - Amigoe Aruba\",\"isPartOf\":{\"@id\":\"https:\\\/\\\/amigoearuba.com\\\/#website\"},\"primaryImageOfPage\":{\"@id\":\"https:\\\/\\\/amigoearuba.com\\\/?p=14589#primaryimage\"},\"image\":{\"@id\":\"https:\\\/\\\/amigoearuba.com\\\/?p=14589#primaryimage\"},\"thumbnailUrl\":\"https:\\\/\\\/amigoearuba.com\\\/wp-content\\\/uploads\\\/2026\\\/04\\\/DomRep6-scaled.jpeg\",\"datePublished\":\"2026-04-14T15:33:37+00:00\",\"dateModified\":\"2026-04-26T02:07:57+00:00\",\"breadcrumb\":{\"@id\":\"https:\\\/\\\/amigoearuba.com\\\/?p=14589#breadcrumb\"},\"inLanguage\":\"nl-NL\",\"potentialAction\":[{\"@type\":\"ReadAction\",\"target\":[\"https:\\\/\\\/amigoearuba.com\\\/?p=14589\"]}]},{\"@type\":\"ImageObject\",\"inLanguage\":\"nl-NL\",\"@id\":\"https:\\\/\\\/amigoearuba.com\\\/?p=14589#primaryimage\",\"url\":\"https:\\\/\\\/amigoearuba.com\\\/wp-content\\\/uploads\\\/2026\\\/04\\\/DomRep6-scaled.jpeg\",\"contentUrl\":\"https:\\\/\\\/amigoearuba.com\\\/wp-content\\\/uploads\\\/2026\\\/04\\\/DomRep6-scaled.jpeg\",\"width\":2560,\"height\":1707},{\"@type\":\"BreadcrumbList\",\"@id\":\"https:\\\/\\\/amigoearuba.com\\\/?p=14589#breadcrumb\",\"itemListElement\":[{\"@type\":\"ListItem\",\"position\":1,\"name\":\"Home\",\"item\":\"https:\\\/\\\/amigoearuba.com\\\/\"},{\"@type\":\"ListItem\",\"position\":2,\"name\":\"Santo Domingo vraagt Cura\u00e7ao mee te denken over sociaal overleg\"}]},{\"@type\":\"WebSite\",\"@id\":\"https:\\\/\\\/amigoearuba.com\\\/#website\",\"url\":\"https:\\\/\\\/amigoearuba.com\\\/\",\"name\":\"Amigoe Aruba\",\"description\":\"\",\"publisher\":{\"@id\":\"https:\\\/\\\/amigoearuba.com\\\/#organization\"},\"potentialAction\":[{\"@type\":\"SearchAction\",\"target\":{\"@type\":\"EntryPoint\",\"urlTemplate\":\"https:\\\/\\\/amigoearuba.com\\\/?s={search_term_string}\"},\"query-input\":{\"@type\":\"PropertyValueSpecification\",\"valueRequired\":true,\"valueName\":\"search_term_string\"}}],\"inLanguage\":\"nl-NL\"},{\"@type\":\"Organization\",\"@id\":\"https:\\\/\\\/amigoearuba.com\\\/#organization\",\"name\":\"Amigoe Aruba\",\"url\":\"https:\\\/\\\/amigoearuba.com\\\/\",\"logo\":{\"@type\":\"ImageObject\",\"inLanguage\":\"nl-NL\",\"@id\":\"https:\\\/\\\/amigoearuba.com\\\/#\\\/schema\\\/logo\\\/image\\\/\",\"url\":\"https:\\\/\\\/amigoearuba.com\\\/wp-content\\\/uploads\\\/2025\\\/06\\\/Asset-33amigoe@3x.png\",\"contentUrl\":\"https:\\\/\\\/amigoearuba.com\\\/wp-content\\\/uploads\\\/2025\\\/06\\\/Asset-33amigoe@3x.png\",\"width\":223,\"height\":72,\"caption\":\"Amigoe Aruba\"},\"image\":{\"@id\":\"https:\\\/\\\/amigoearuba.com\\\/#\\\/schema\\\/logo\\\/image\\\/\"}},{\"@type\":\"Person\",\"@id\":\"https:\\\/\\\/amigoearuba.com\\\/#\\\/schema\\\/person\\\/bf6efee3e232dd3f7774568893f79bbe\",\"name\":\"Amigoe Aruba\",\"image\":{\"@type\":\"ImageObject\",\"inLanguage\":\"nl-NL\",\"@id\":\"https:\\\/\\\/secure.gravatar.com\\\/avatar\\\/393414aeb45fea6a12f8d5e0d40843d9b3a5c2919bde6e207590d000a8671b26?s=96&d=mm&r=g\",\"url\":\"https:\\\/\\\/secure.gravatar.com\\\/avatar\\\/393414aeb45fea6a12f8d5e0d40843d9b3a5c2919bde6e207590d000a8671b26?s=96&d=mm&r=g\",\"contentUrl\":\"https:\\\/\\\/secure.gravatar.com\\\/avatar\\\/393414aeb45fea6a12f8d5e0d40843d9b3a5c2919bde6e207590d000a8671b26?s=96&d=mm&r=g\",\"caption\":\"Amigoe Aruba\"},\"sameAs\":[\"https:\\\/\\\/amigoearuba.com\"],\"url\":\"https:\\\/\\\/amigoearuba.com\\\/?author=1\"}]}<\/script>\n<!-- \/ Yoast SEO plugin. -->","yoast_head_json":{"title":"Santo Domingo vraagt Cura\u00e7ao mee te denken over sociaal overleg - Amigoe Aruba","robots":{"index":"index","follow":"follow","max-snippet":"max-snippet:-1","max-image-preview":"max-image-preview:large","max-video-preview":"max-video-preview:-1"},"canonical":"https:\/\/amigoearuba.com\/?p=14589","og_locale":"nl_NL","og_type":"article","og_title":"Santo Domingo vraagt Cura\u00e7ao mee te denken over sociaal overleg - Amigoe Aruba","og_description":"De Sociaal-Economische Raad van Cura\u00e7ao heeft in Santo Domingo deelgenomen aan een tweedaagse workshop van de Dominicaanse Consejo Econ\u00f3mico y Social. Volgens de SER onderstreepte de bijeenkomst het belang van sterk en zichtbaar sociaal overleg in een onzekere regio.","og_url":"https:\/\/amigoearuba.com\/?p=14589","og_site_name":"Amigoe Aruba","article_published_time":"2026-04-14T15:33:37+00:00","article_modified_time":"2026-04-26T02:07:57+00:00","og_image":[{"width":2560,"height":1707,"url":"https:\/\/amigoearuba.com\/wp-content\/uploads\/2026\/04\/DomRep6-scaled.jpeg","type":"image\/jpeg"}],"author":"Amigoe Aruba","twitter_card":"summary_large_image","twitter_misc":{"Geschreven door":"Amigoe Aruba","Verwachte leestijd":"2 minuten"},"schema":{"@context":"https:\/\/schema.org","@graph":[{"@type":"Article","@id":"https:\/\/amigoearuba.com\/?p=14589#article","isPartOf":{"@id":"https:\/\/amigoearuba.com\/?p=14589"},"author":{"name":"Amigoe Aruba","@id":"https:\/\/amigoearuba.com\/#\/schema\/person\/bf6efee3e232dd3f7774568893f79bbe"},"headline":"Santo Domingo vraagt Cura\u00e7ao mee te denken over sociaal overleg","datePublished":"2026-04-14T15:33:37+00:00","dateModified":"2026-04-26T02:07:57+00:00","mainEntityOfPage":{"@id":"https:\/\/amigoearuba.com\/?p=14589"},"wordCount":463,"commentCount":0,"publisher":{"@id":"https:\/\/amigoearuba.com\/#organization"},"image":{"@id":"https:\/\/amigoearuba.com\/?p=14589#primaryimage"},"thumbnailUrl":"https:\/\/amigoearuba.com\/wp-content\/uploads\/2026\/04\/DomRep6-scaled.jpeg","articleSection":["Politiek"],"inLanguage":"nl-NL","potentialAction":[{"@type":"CommentAction","name":"Comment","target":["https:\/\/amigoearuba.com\/?p=14589#respond"]}]},{"@type":"WebPage","@id":"https:\/\/amigoearuba.com\/?p=14589","url":"https:\/\/amigoearuba.com\/?p=14589","name":"Santo Domingo vraagt Cura\u00e7ao mee te denken over sociaal overleg - Amigoe Aruba","isPartOf":{"@id":"https:\/\/amigoearuba.com\/#website"},"primaryImageOfPage":{"@id":"https:\/\/amigoearuba.com\/?p=14589#primaryimage"},"image":{"@id":"https:\/\/amigoearuba.com\/?p=14589#primaryimage"},"thumbnailUrl":"https:\/\/amigoearuba.com\/wp-content\/uploads\/2026\/04\/DomRep6-scaled.jpeg","datePublished":"2026-04-14T15:33:37+00:00","dateModified":"2026-04-26T02:07:57+00:00","breadcrumb":{"@id":"https:\/\/amigoearuba.com\/?p=14589#breadcrumb"},"inLanguage":"nl-NL","potentialAction":[{"@type":"ReadAction","target":["https:\/\/amigoearuba.com\/?p=14589"]}]},{"@type":"ImageObject","inLanguage":"nl-NL","@id":"https:\/\/amigoearuba.com\/?p=14589#primaryimage","url":"https:\/\/amigoearuba.com\/wp-content\/uploads\/2026\/04\/DomRep6-scaled.jpeg","contentUrl":"https:\/\/amigoearuba.com\/wp-content\/uploads\/2026\/04\/DomRep6-scaled.jpeg","width":2560,"height":1707},{"@type":"BreadcrumbList","@id":"https:\/\/amigoearuba.com\/?p=14589#breadcrumb","itemListElement":[{"@type":"ListItem","position":1,"name":"Home","item":"https:\/\/amigoearuba.com\/"},{"@type":"ListItem","position":2,"name":"Santo Domingo vraagt Cura\u00e7ao mee te denken over sociaal overleg"}]},{"@type":"WebSite","@id":"https:\/\/amigoearuba.com\/#website","url":"https:\/\/amigoearuba.com\/","name":"Amigoe Aruba","description":"","publisher":{"@id":"https:\/\/amigoearuba.com\/#organization"},"potentialAction":[{"@type":"SearchAction","target":{"@type":"EntryPoint","urlTemplate":"https:\/\/amigoearuba.com\/?s={search_term_string}"},"query-input":{"@type":"PropertyValueSpecification","valueRequired":true,"valueName":"search_term_string"}}],"inLanguage":"nl-NL"},{"@type":"Organization","@id":"https:\/\/amigoearuba.com\/#organization","name":"Amigoe Aruba","url":"https:\/\/amigoearuba.com\/","logo":{"@type":"ImageObject","inLanguage":"nl-NL","@id":"https:\/\/amigoearuba.com\/#\/schema\/logo\/image\/","url":"https:\/\/amigoearuba.com\/wp-content\/uploads\/2025\/06\/Asset-33amigoe@3x.png","contentUrl":"https:\/\/amigoearuba.com\/wp-content\/uploads\/2025\/06\/Asset-33amigoe@3x.png","width":223,"height":72,"caption":"Amigoe Aruba"},"image":{"@id":"https:\/\/amigoearuba.com\/#\/schema\/logo\/image\/"}},{"@type":"Person","@id":"https:\/\/amigoearuba.com\/#\/schema\/person\/bf6efee3e232dd3f7774568893f79bbe","name":"Amigoe Aruba","image":{"@type":"ImageObject","inLanguage":"nl-NL","@id":"https:\/\/secure.gravatar.com\/avatar\/393414aeb45fea6a12f8d5e0d40843d9b3a5c2919bde6e207590d000a8671b26?s=96&d=mm&r=g","url":"https:\/\/secure.gravatar.com\/avatar\/393414aeb45fea6a12f8d5e0d40843d9b3a5c2919bde6e207590d000a8671b26?s=96&d=mm&r=g","contentUrl":"https:\/\/secure.gravatar.com\/avatar\/393414aeb45fea6a12f8d5e0d40843d9b3a5c2919bde6e207590d000a8671b26?s=96&d=mm&r=g","caption":"Amigoe Aruba"},"sameAs":["https:\/\/amigoearuba.com"],"url":"https:\/\/amigoearuba.com\/?author=1"}]}},"jetpack_featured_media_url":"https:\/\/amigoearuba.com\/wp-content\/uploads\/2026\/04\/DomRep6-scaled.jpeg","uagb_featured_image_src":{"full":["https:\/\/amigoearuba.com\/wp-content\/uploads\/2026\/04\/DomRep6-scaled.jpeg",2560,1707,false],"thumbnail":["https:\/\/amigoearuba.com\/wp-content\/uploads\/2026\/04\/DomRep6-150x150.jpeg",150,150,true],"medium":["https:\/\/amigoearuba.com\/wp-content\/uploads\/2026\/04\/DomRep6-300x200.jpeg",300,200,true],"medium_large":["https:\/\/amigoearuba.com\/wp-content\/uploads\/2026\/04\/DomRep6-768x512.jpeg",696,464,true],"large":["https:\/\/amigoearuba.com\/wp-content\/uploads\/2026\/04\/DomRep6-1024x683.jpeg",696,464,true],"1536x1536":["https:\/\/amigoearuba.com\/wp-content\/uploads\/2026\/04\/DomRep6-1536x1024.jpeg",1536,1024,true],"2048x2048":["https:\/\/amigoearuba.com\/wp-content\/uploads\/2026\/04\/DomRep6-2048x1365.jpeg",2048,1365,true],"td_0x420":["https:\/\/amigoearuba.com\/wp-content\/uploads\/2026\/04\/DomRep6-630x420.jpeg",630,420,true],"td_80x60":["https:\/\/amigoearuba.com\/wp-content\/uploads\/2026\/04\/DomRep6-80x60.jpeg",80,60,true],"td_150x0":["https:\/\/amigoearuba.com\/wp-content\/uploads\/2026\/04\/DomRep6-150x100.jpeg",150,100,true],"td_218x150":["https:\/\/amigoearuba.com\/wp-content\/uploads\/2026\/04\/DomRep6-218x150.jpeg",218,150,true],"td_300x0":["https:\/\/amigoearuba.com\/wp-content\/uploads\/2026\/04\/DomRep6-300x200.jpeg",300,200,true],"td_324x400":["https:\/\/amigoearuba.com\/wp-content\/uploads\/2026\/04\/DomRep6-324x400.jpeg",324,400,true],"td_485x360":["https:\/\/amigoearuba.com\/wp-content\/uploads\/2026\/04\/DomRep6-485x360.jpeg",485,360,true],"td_696x0":["https:\/\/amigoearuba.com\/wp-content\/uploads\/2026\/04\/DomRep6-696x464.jpeg",696,464,true],"td_1068x0":["https:\/\/amigoearuba.com\/wp-content\/uploads\/2026\/04\/DomRep6-1068x712.jpeg",1068,712,true],"td_1920x0":["https:\/\/amigoearuba.com\/wp-content\/uploads\/2026\/04\/DomRep6-1920x1280.jpeg",1920,1280,true],"td_265x198":["https:\/\/amigoearuba.com\/wp-content\/uploads\/2026\/04\/DomRep6-265x198.jpeg",265,198,true],"td_741x486":["https:\/\/amigoearuba.com\/wp-content\/uploads\/2026\/04\/DomRep6-741x486.jpeg",741,486,true]},"uagb_author_info":{"display_name":"Amigoe Aruba","author_link":"https:\/\/amigoearuba.com\/?author=1"},"uagb_comment_info":0,"uagb_excerpt":"De Sociaal-Economische Raad van Cura\u00e7ao heeft in Santo Domingo deelgenomen aan een tweedaagse workshop van de Dominicaanse Consejo Econ\u00f3mico y Social. Volgens de SER onderstreepte de bijeenkomst het belang van sterk en zichtbaar sociaal overleg in een onzekere regio.","amp_enabled":true,"_links":{"self":[{"href":"https:\/\/amigoearuba.com\/index.php?rest_route=\/wp\/v2\/posts\/14589","targetHints":{"allow":["GET"]}}],"collection":[{"href":"https:\/\/amigoearuba.com\/index.php?rest_route=\/wp\/v2\/posts"}],"about":[{"href":"https:\/\/amigoearuba.com\/index.php?rest_route=\/wp\/v2\/types\/post"}],"author":[{"embeddable":true,"href":"https:\/\/amigoearuba.com\/index.php?rest_route=\/wp\/v2\/users\/1"}],"replies":[{"embeddable":true,"href":"https:\/\/amigoearuba.com\/index.php?rest_route=%2Fwp%2Fv2%2Fcomments&post=14589"}],"version-history":[{"count":1,"href":"https:\/\/amigoearuba.com\/index.php?rest_route=\/wp\/v2\/posts\/14589\/revisions"}],"predecessor-version":[{"id":14590,"href":"https:\/\/amigoearuba.com\/index.php?rest_route=\/wp\/v2\/posts\/14589\/revisions\/14590"}],"wp:featuredmedia":[{"embeddable":true,"href":"https:\/\/amigoearuba.com\/index.php?rest_route=\/wp\/v2\/media\/14588"}],"wp:attachment":[{"href":"https:\/\/amigoearuba.com\/index.php?rest_route=%2Fwp%2Fv2%2Fmedia&parent=14589"}],"wp:term":[{"taxonomy":"category","embeddable":true,"href":"https:\/\/amigoearuba.com\/index.php?rest_route=%2Fwp%2Fv2%2Fcategories&post=14589"},{"taxonomy":"post_tag","embeddable":true,"href":"https:\/\/amigoearuba.com\/index.php?rest_route=%2Fwp%2Fv2%2Ftags&post=14589"}],"curies":[{"name":"wp","href":"https:\/\/api.w.org\/{rel}","templated":true}]}}