{"id":14586,"date":"2026-04-14T11:25:16","date_gmt":"2026-04-14T15:25:16","guid":{"rendered":"https:\/\/amigoearuba.com\/?p=14586"},"modified":"2026-04-25T22:07:24","modified_gmt":"2026-04-26T02:07:24","slug":"santo-domingo-vraagt-curacao-mee-te-denken-over-rol-van-sociaal-overleg","status":"publish","type":"post","link":"https:\/\/amigoearuba.com\/?p=14586","title":{"rendered":"Santo Domingo vraagt Cura\u00e7ao mee te denken over rol van sociaal overleg"},"content":{"rendered":"<p>WILLEMSTAD \u2014 De Sociaal-Economische Raad (SER) van Cura\u00e7ao was op 10 en 11 april vertegenwoordigd in Santo Domingo, waar de Dominicaanse Consejo Econ\u00f3mico y Social (CES) een tweedaagse workshop organiseerde voor nieuwe raadsleden. SER-directeur en algemeen secretaris Ra\u00fal Henr\u00edquez nam op uitnodiging van CES-voorzitter Rafael Toribio deel aan de bijeenkomst.<\/p>\n<p>Tijdens het internationale deel van het programma sprak Henr\u00edquez over AICESIS, de wereldwijde vereniging van sociaaleconomische raden en vergelijkbare instellingen. In zijn bijdrage benadrukte hij ook de rol van Caribische en Latijns-Amerikaanse raden binnen dat netwerk. Verder waren er presentaties uit Guatemala en Spanje over de manier waarop nationale raden zich via internationale verbanden tot elkaar verhouden.<\/p>\n<p>Henr\u00edquez onderstreepte in Santo Domingo het belang van sociaal overleg, ook voor Cura\u00e7ao. Volgens hem is een SER in de huidige tijd geen bijkomstigheid, maar een factor van stabiliteit. Hij wees erop dat kleine, open en insulaire economie\u00ebn extra kwetsbaar zijn voor geopolitieke spanningen, stijgende energiekosten, verstoringen in aanvoerketens en afnemend vertrouwen.<\/p>\n<p>Volgens de SER-directeur hangt goed beleid daarom niet alleen af van de inhoud van maatregelen, maar ook van de legitimiteit van de wijze waarop die tot stand komen.<\/p>\n<p>Een belangrijk aandachtspunt tijdens de workshop was volgens de organisatoren de institutionele slagkracht van sociaaleconomische raden. In de slotbeschouwing van CES-voorzitter Toribio lag de nadruk op de vraag hoe een raad niet alleen overleg kan organiseren, maar ook zijn invloed kan vergroten, afspraken systematisch kan volgen en zichtbaar kan maken welke partijen hun toezeggingen nakomen.<\/p>\n<p>Dat debat raakt ook Cura\u00e7ao, aldus de SER. De waarde van een sociaaleconomische adviesraad wordt niet alleen bepaald door de juridische status, maar ook door de kwaliteit van analyses, de samenhang binnen de geledingen en het vermogen om maatschappelijke en politieke druk op te bouwen.<\/p>\n<p>De workshop in Santo Domingo omvatte verder sessies over het wettelijk kader van de Dominicaanse SER, beleidsbe\u00efnvloeding, ethiek van representatie en de invoering van een nieuw systeem van kwaliteitszorg.<\/p>\n<p>Volgens de SER past de uitnodiging aan Cura\u00e7ao in een bredere ontwikkeling. De Dominicaanse CES profileert zich als constitutioneel orgaan van sociaal overleg, terwijl AICESIS zich richt op het bevorderen van dialoog en het uitwisselen van ervaringen en goede praktijken tussen sociaaleconomische raden en vergelijkbare instellingen.<\/p>\n<p>De bijeenkomst in de Dominicaanse Republiek was daarmee volgens de SER meer dan een formeel internationaal bezoek. Zij onderstreepte het belang van vergelijkend institutioneel leren in een regio waar legitimiteit, uitvoeringskracht en sociale vrede onder druk staan.<\/p>\n<p>Voor de SER van Cura\u00e7ao betekende de uitnodiging niet alleen internationale zichtbaarheid, maar ook een kans om de eigen institutionele rol scherper te bepalen. Henr\u00edquez stelde dat een rechtvaardige transitie niet mogelijk is zonder serieus sociaal overleg en dat duurzame sociale vrede instellingen vereist die verschillen kunnen ordenen en omzetten in werkbare afspraken.<\/p>\n","protected":false},"excerpt":{"rendered":"<p>De Sociaal-Economische Raad van Cura\u00e7ao heeft in Santo Domingo deelgenomen aan een workshop van de Dominicaanse Consejo Econ\u00f3mico y Social. Daarbij stond de betekenis van sociaal overleg en de institutionele slagkracht van sociaaleconomische raden centraal.<\/p>\n","protected":false},"author":1,"featured_media":14585,"comment_status":"open","ping_status":"open","sticky":false,"template":"","format":"standard","meta":{"_uag_custom_page_level_css":"","tdm_status":"","tdm_grid_status":"","footnotes":""},"categories":[156],"tags":[],"class_list":{"0":"post-14586","1":"post","2":"type-post","3":"status-publish","4":"format-standard","5":"has-post-thumbnail","7":"category-politiek"},"yoast_head":"<!-- This site is optimized with the Yoast SEO plugin v27.4 - https:\/\/yoast.com\/product\/yoast-seo-wordpress\/ -->\n<title>Santo Domingo vraagt Cura\u00e7ao mee te denken over rol van sociaal overleg - Amigoe Aruba<\/title>\n<meta name=\"robots\" content=\"index, follow, max-snippet:-1, max-image-preview:large, max-video-preview:-1\" \/>\n<link rel=\"canonical\" href=\"https:\/\/amigoearuba.com\/?p=14586\" \/>\n<meta property=\"og:locale\" content=\"nl_NL\" \/>\n<meta property=\"og:type\" content=\"article\" \/>\n<meta property=\"og:title\" content=\"Santo Domingo vraagt Cura\u00e7ao mee te denken over rol van sociaal overleg - Amigoe Aruba\" \/>\n<meta property=\"og:description\" content=\"De Sociaal-Economische Raad van Cura\u00e7ao heeft in Santo Domingo deelgenomen aan een workshop van de Dominicaanse Consejo Econ\u00f3mico y Social. Daarbij stond de betekenis van sociaal overleg en de institutionele slagkracht van sociaaleconomische raden centraal.\" \/>\n<meta property=\"og:url\" content=\"https:\/\/amigoearuba.com\/?p=14586\" \/>\n<meta property=\"og:site_name\" content=\"Amigoe Aruba\" \/>\n<meta property=\"article:published_time\" content=\"2026-04-14T15:25:16+00:00\" \/>\n<meta property=\"article:modified_time\" content=\"2026-04-26T02:07:24+00:00\" \/>\n<meta property=\"og:image\" content=\"https:\/\/amigoearuba.com\/wp-content\/uploads\/2026\/04\/image-20.png\" \/>\n\t<meta property=\"og:image:width\" content=\"1545\" \/>\n\t<meta property=\"og:image:height\" content=\"2000\" \/>\n\t<meta property=\"og:image:type\" content=\"image\/png\" \/>\n<meta name=\"author\" content=\"Amigoe Aruba\" \/>\n<meta name=\"twitter:card\" content=\"summary_large_image\" \/>\n<meta name=\"twitter:label1\" content=\"Geschreven door\" \/>\n\t<meta name=\"twitter:data1\" content=\"Amigoe Aruba\" \/>\n\t<meta name=\"twitter:label2\" content=\"Verwachte leestijd\" \/>\n\t<meta name=\"twitter:data2\" content=\"2 minuten\" \/>\n<script type=\"application\/ld+json\" class=\"yoast-schema-graph\">{\"@context\":\"https:\\\/\\\/schema.org\",\"@graph\":[{\"@type\":\"Article\",\"@id\":\"https:\\\/\\\/amigoearuba.com\\\/?p=14586#article\",\"isPartOf\":{\"@id\":\"https:\\\/\\\/amigoearuba.com\\\/?p=14586\"},\"author\":{\"name\":\"Amigoe Aruba\",\"@id\":\"https:\\\/\\\/amigoearuba.com\\\/#\\\/schema\\\/person\\\/bf6efee3e232dd3f7774568893f79bbe\"},\"headline\":\"Santo Domingo vraagt Cura\u00e7ao mee te denken over rol van sociaal overleg\",\"datePublished\":\"2026-04-14T15:25:16+00:00\",\"dateModified\":\"2026-04-26T02:07:24+00:00\",\"mainEntityOfPage\":{\"@id\":\"https:\\\/\\\/amigoearuba.com\\\/?p=14586\"},\"wordCount\":475,\"commentCount\":0,\"publisher\":{\"@id\":\"https:\\\/\\\/amigoearuba.com\\\/#organization\"},\"image\":{\"@id\":\"https:\\\/\\\/amigoearuba.com\\\/?p=14586#primaryimage\"},\"thumbnailUrl\":\"https:\\\/\\\/amigoearuba.com\\\/wp-content\\\/uploads\\\/2026\\\/04\\\/image-20.png\",\"articleSection\":[\"Politiek\"],\"inLanguage\":\"nl-NL\",\"potentialAction\":[{\"@type\":\"CommentAction\",\"name\":\"Comment\",\"target\":[\"https:\\\/\\\/amigoearuba.com\\\/?p=14586#respond\"]}]},{\"@type\":\"WebPage\",\"@id\":\"https:\\\/\\\/amigoearuba.com\\\/?p=14586\",\"url\":\"https:\\\/\\\/amigoearuba.com\\\/?p=14586\",\"name\":\"Santo Domingo vraagt Cura\u00e7ao mee te denken over rol van sociaal overleg - Amigoe Aruba\",\"isPartOf\":{\"@id\":\"https:\\\/\\\/amigoearuba.com\\\/#website\"},\"primaryImageOfPage\":{\"@id\":\"https:\\\/\\\/amigoearuba.com\\\/?p=14586#primaryimage\"},\"image\":{\"@id\":\"https:\\\/\\\/amigoearuba.com\\\/?p=14586#primaryimage\"},\"thumbnailUrl\":\"https:\\\/\\\/amigoearuba.com\\\/wp-content\\\/uploads\\\/2026\\\/04\\\/image-20.png\",\"datePublished\":\"2026-04-14T15:25:16+00:00\",\"dateModified\":\"2026-04-26T02:07:24+00:00\",\"breadcrumb\":{\"@id\":\"https:\\\/\\\/amigoearuba.com\\\/?p=14586#breadcrumb\"},\"inLanguage\":\"nl-NL\",\"potentialAction\":[{\"@type\":\"ReadAction\",\"target\":[\"https:\\\/\\\/amigoearuba.com\\\/?p=14586\"]}]},{\"@type\":\"ImageObject\",\"inLanguage\":\"nl-NL\",\"@id\":\"https:\\\/\\\/amigoearuba.com\\\/?p=14586#primaryimage\",\"url\":\"https:\\\/\\\/amigoearuba.com\\\/wp-content\\\/uploads\\\/2026\\\/04\\\/image-20.png\",\"contentUrl\":\"https:\\\/\\\/amigoearuba.com\\\/wp-content\\\/uploads\\\/2026\\\/04\\\/image-20.png\",\"width\":1545,\"height\":2000},{\"@type\":\"BreadcrumbList\",\"@id\":\"https:\\\/\\\/amigoearuba.com\\\/?p=14586#breadcrumb\",\"itemListElement\":[{\"@type\":\"ListItem\",\"position\":1,\"name\":\"Home\",\"item\":\"https:\\\/\\\/amigoearuba.com\\\/\"},{\"@type\":\"ListItem\",\"position\":2,\"name\":\"Santo Domingo vraagt Cura\u00e7ao mee te denken over rol van sociaal overleg\"}]},{\"@type\":\"WebSite\",\"@id\":\"https:\\\/\\\/amigoearuba.com\\\/#website\",\"url\":\"https:\\\/\\\/amigoearuba.com\\\/\",\"name\":\"Amigoe Aruba\",\"description\":\"\",\"publisher\":{\"@id\":\"https:\\\/\\\/amigoearuba.com\\\/#organization\"},\"potentialAction\":[{\"@type\":\"SearchAction\",\"target\":{\"@type\":\"EntryPoint\",\"urlTemplate\":\"https:\\\/\\\/amigoearuba.com\\\/?s={search_term_string}\"},\"query-input\":{\"@type\":\"PropertyValueSpecification\",\"valueRequired\":true,\"valueName\":\"search_term_string\"}}],\"inLanguage\":\"nl-NL\"},{\"@type\":\"Organization\",\"@id\":\"https:\\\/\\\/amigoearuba.com\\\/#organization\",\"name\":\"Amigoe Aruba\",\"url\":\"https:\\\/\\\/amigoearuba.com\\\/\",\"logo\":{\"@type\":\"ImageObject\",\"inLanguage\":\"nl-NL\",\"@id\":\"https:\\\/\\\/amigoearuba.com\\\/#\\\/schema\\\/logo\\\/image\\\/\",\"url\":\"https:\\\/\\\/amigoearuba.com\\\/wp-content\\\/uploads\\\/2025\\\/06\\\/Asset-33amigoe@3x.png\",\"contentUrl\":\"https:\\\/\\\/amigoearuba.com\\\/wp-content\\\/uploads\\\/2025\\\/06\\\/Asset-33amigoe@3x.png\",\"width\":223,\"height\":72,\"caption\":\"Amigoe Aruba\"},\"image\":{\"@id\":\"https:\\\/\\\/amigoearuba.com\\\/#\\\/schema\\\/logo\\\/image\\\/\"}},{\"@type\":\"Person\",\"@id\":\"https:\\\/\\\/amigoearuba.com\\\/#\\\/schema\\\/person\\\/bf6efee3e232dd3f7774568893f79bbe\",\"name\":\"Amigoe Aruba\",\"image\":{\"@type\":\"ImageObject\",\"inLanguage\":\"nl-NL\",\"@id\":\"https:\\\/\\\/secure.gravatar.com\\\/avatar\\\/393414aeb45fea6a12f8d5e0d40843d9b3a5c2919bde6e207590d000a8671b26?s=96&d=mm&r=g\",\"url\":\"https:\\\/\\\/secure.gravatar.com\\\/avatar\\\/393414aeb45fea6a12f8d5e0d40843d9b3a5c2919bde6e207590d000a8671b26?s=96&d=mm&r=g\",\"contentUrl\":\"https:\\\/\\\/secure.gravatar.com\\\/avatar\\\/393414aeb45fea6a12f8d5e0d40843d9b3a5c2919bde6e207590d000a8671b26?s=96&d=mm&r=g\",\"caption\":\"Amigoe Aruba\"},\"sameAs\":[\"https:\\\/\\\/amigoearuba.com\"],\"url\":\"https:\\\/\\\/amigoearuba.com\\\/?author=1\"}]}<\/script>\n<!-- \/ Yoast SEO plugin. -->","yoast_head_json":{"title":"Santo Domingo vraagt Cura\u00e7ao mee te denken over rol van sociaal overleg - Amigoe Aruba","robots":{"index":"index","follow":"follow","max-snippet":"max-snippet:-1","max-image-preview":"max-image-preview:large","max-video-preview":"max-video-preview:-1"},"canonical":"https:\/\/amigoearuba.com\/?p=14586","og_locale":"nl_NL","og_type":"article","og_title":"Santo Domingo vraagt Cura\u00e7ao mee te denken over rol van sociaal overleg - Amigoe Aruba","og_description":"De Sociaal-Economische Raad van Cura\u00e7ao heeft in Santo Domingo deelgenomen aan een workshop van de Dominicaanse Consejo Econ\u00f3mico y Social. Daarbij stond de betekenis van sociaal overleg en de institutionele slagkracht van sociaaleconomische raden centraal.","og_url":"https:\/\/amigoearuba.com\/?p=14586","og_site_name":"Amigoe Aruba","article_published_time":"2026-04-14T15:25:16+00:00","article_modified_time":"2026-04-26T02:07:24+00:00","og_image":[{"width":1545,"height":2000,"url":"https:\/\/amigoearuba.com\/wp-content\/uploads\/2026\/04\/image-20.png","type":"image\/png"}],"author":"Amigoe Aruba","twitter_card":"summary_large_image","twitter_misc":{"Geschreven door":"Amigoe Aruba","Verwachte leestijd":"2 minuten"},"schema":{"@context":"https:\/\/schema.org","@graph":[{"@type":"Article","@id":"https:\/\/amigoearuba.com\/?p=14586#article","isPartOf":{"@id":"https:\/\/amigoearuba.com\/?p=14586"},"author":{"name":"Amigoe Aruba","@id":"https:\/\/amigoearuba.com\/#\/schema\/person\/bf6efee3e232dd3f7774568893f79bbe"},"headline":"Santo Domingo vraagt Cura\u00e7ao mee te denken over rol van sociaal overleg","datePublished":"2026-04-14T15:25:16+00:00","dateModified":"2026-04-26T02:07:24+00:00","mainEntityOfPage":{"@id":"https:\/\/amigoearuba.com\/?p=14586"},"wordCount":475,"commentCount":0,"publisher":{"@id":"https:\/\/amigoearuba.com\/#organization"},"image":{"@id":"https:\/\/amigoearuba.com\/?p=14586#primaryimage"},"thumbnailUrl":"https:\/\/amigoearuba.com\/wp-content\/uploads\/2026\/04\/image-20.png","articleSection":["Politiek"],"inLanguage":"nl-NL","potentialAction":[{"@type":"CommentAction","name":"Comment","target":["https:\/\/amigoearuba.com\/?p=14586#respond"]}]},{"@type":"WebPage","@id":"https:\/\/amigoearuba.com\/?p=14586","url":"https:\/\/amigoearuba.com\/?p=14586","name":"Santo Domingo vraagt Cura\u00e7ao mee te denken over rol van sociaal overleg - Amigoe Aruba","isPartOf":{"@id":"https:\/\/amigoearuba.com\/#website"},"primaryImageOfPage":{"@id":"https:\/\/amigoearuba.com\/?p=14586#primaryimage"},"image":{"@id":"https:\/\/amigoearuba.com\/?p=14586#primaryimage"},"thumbnailUrl":"https:\/\/amigoearuba.com\/wp-content\/uploads\/2026\/04\/image-20.png","datePublished":"2026-04-14T15:25:16+00:00","dateModified":"2026-04-26T02:07:24+00:00","breadcrumb":{"@id":"https:\/\/amigoearuba.com\/?p=14586#breadcrumb"},"inLanguage":"nl-NL","potentialAction":[{"@type":"ReadAction","target":["https:\/\/amigoearuba.com\/?p=14586"]}]},{"@type":"ImageObject","inLanguage":"nl-NL","@id":"https:\/\/amigoearuba.com\/?p=14586#primaryimage","url":"https:\/\/amigoearuba.com\/wp-content\/uploads\/2026\/04\/image-20.png","contentUrl":"https:\/\/amigoearuba.com\/wp-content\/uploads\/2026\/04\/image-20.png","width":1545,"height":2000},{"@type":"BreadcrumbList","@id":"https:\/\/amigoearuba.com\/?p=14586#breadcrumb","itemListElement":[{"@type":"ListItem","position":1,"name":"Home","item":"https:\/\/amigoearuba.com\/"},{"@type":"ListItem","position":2,"name":"Santo Domingo vraagt Cura\u00e7ao mee te denken over rol van sociaal overleg"}]},{"@type":"WebSite","@id":"https:\/\/amigoearuba.com\/#website","url":"https:\/\/amigoearuba.com\/","name":"Amigoe Aruba","description":"","publisher":{"@id":"https:\/\/amigoearuba.com\/#organization"},"potentialAction":[{"@type":"SearchAction","target":{"@type":"EntryPoint","urlTemplate":"https:\/\/amigoearuba.com\/?s={search_term_string}"},"query-input":{"@type":"PropertyValueSpecification","valueRequired":true,"valueName":"search_term_string"}}],"inLanguage":"nl-NL"},{"@type":"Organization","@id":"https:\/\/amigoearuba.com\/#organization","name":"Amigoe Aruba","url":"https:\/\/amigoearuba.com\/","logo":{"@type":"ImageObject","inLanguage":"nl-NL","@id":"https:\/\/amigoearuba.com\/#\/schema\/logo\/image\/","url":"https:\/\/amigoearuba.com\/wp-content\/uploads\/2025\/06\/Asset-33amigoe@3x.png","contentUrl":"https:\/\/amigoearuba.com\/wp-content\/uploads\/2025\/06\/Asset-33amigoe@3x.png","width":223,"height":72,"caption":"Amigoe Aruba"},"image":{"@id":"https:\/\/amigoearuba.com\/#\/schema\/logo\/image\/"}},{"@type":"Person","@id":"https:\/\/amigoearuba.com\/#\/schema\/person\/bf6efee3e232dd3f7774568893f79bbe","name":"Amigoe Aruba","image":{"@type":"ImageObject","inLanguage":"nl-NL","@id":"https:\/\/secure.gravatar.com\/avatar\/393414aeb45fea6a12f8d5e0d40843d9b3a5c2919bde6e207590d000a8671b26?s=96&d=mm&r=g","url":"https:\/\/secure.gravatar.com\/avatar\/393414aeb45fea6a12f8d5e0d40843d9b3a5c2919bde6e207590d000a8671b26?s=96&d=mm&r=g","contentUrl":"https:\/\/secure.gravatar.com\/avatar\/393414aeb45fea6a12f8d5e0d40843d9b3a5c2919bde6e207590d000a8671b26?s=96&d=mm&r=g","caption":"Amigoe Aruba"},"sameAs":["https:\/\/amigoearuba.com"],"url":"https:\/\/amigoearuba.com\/?author=1"}]}},"jetpack_featured_media_url":"https:\/\/amigoearuba.com\/wp-content\/uploads\/2026\/04\/image-20.png","uagb_featured_image_src":{"full":["https:\/\/amigoearuba.com\/wp-content\/uploads\/2026\/04\/image-20.png",1545,2000,false],"thumbnail":["https:\/\/amigoearuba.com\/wp-content\/uploads\/2026\/04\/image-20-150x150.png",150,150,true],"medium":["https:\/\/amigoearuba.com\/wp-content\/uploads\/2026\/04\/image-20-232x300.png",232,300,true],"medium_large":["https:\/\/amigoearuba.com\/wp-content\/uploads\/2026\/04\/image-20-768x994.png",696,901,true],"large":["https:\/\/amigoearuba.com\/wp-content\/uploads\/2026\/04\/image-20-791x1024.png",696,901,true],"1536x1536":["https:\/\/amigoearuba.com\/wp-content\/uploads\/2026\/04\/image-20-1187x1536.png",1187,1536,true],"2048x2048":["https:\/\/amigoearuba.com\/wp-content\/uploads\/2026\/04\/image-20.png",1545,2000,false],"td_0x420":["https:\/\/amigoearuba.com\/wp-content\/uploads\/2026\/04\/image-20-324x420.png",324,420,true],"td_80x60":["https:\/\/amigoearuba.com\/wp-content\/uploads\/2026\/04\/image-20-80x60.png",80,60,true],"td_150x0":["https:\/\/amigoearuba.com\/wp-content\/uploads\/2026\/04\/image-20-150x194.png",150,194,true],"td_218x150":["https:\/\/amigoearuba.com\/wp-content\/uploads\/2026\/04\/image-20-218x150.png",218,150,true],"td_300x0":["https:\/\/amigoearuba.com\/wp-content\/uploads\/2026\/04\/image-20-300x388.png",300,388,true],"td_324x400":["https:\/\/amigoearuba.com\/wp-content\/uploads\/2026\/04\/image-20-324x400.png",324,400,true],"td_485x360":["https:\/\/amigoearuba.com\/wp-content\/uploads\/2026\/04\/image-20-485x360.png",485,360,true],"td_696x0":["https:\/\/amigoearuba.com\/wp-content\/uploads\/2026\/04\/image-20-696x901.png",696,901,true],"td_1068x0":["https:\/\/amigoearuba.com\/wp-content\/uploads\/2026\/04\/image-20-1068x1383.png",1068,1383,true],"td_1920x0":["https:\/\/amigoearuba.com\/wp-content\/uploads\/2026\/04\/image-20.png",1545,2000,false],"td_265x198":["https:\/\/amigoearuba.com\/wp-content\/uploads\/2026\/04\/image-20-265x198.png",265,198,true],"td_741x486":["https:\/\/amigoearuba.com\/wp-content\/uploads\/2026\/04\/image-20-741x486.png",741,486,true]},"uagb_author_info":{"display_name":"Amigoe Aruba","author_link":"https:\/\/amigoearuba.com\/?author=1"},"uagb_comment_info":0,"uagb_excerpt":"De Sociaal-Economische Raad van Cura\u00e7ao heeft in Santo Domingo deelgenomen aan een workshop van de Dominicaanse Consejo Econ\u00f3mico y Social. Daarbij stond de betekenis van sociaal overleg en de institutionele slagkracht van sociaaleconomische raden centraal.","amp_enabled":true,"_links":{"self":[{"href":"https:\/\/amigoearuba.com\/index.php?rest_route=\/wp\/v2\/posts\/14586","targetHints":{"allow":["GET"]}}],"collection":[{"href":"https:\/\/amigoearuba.com\/index.php?rest_route=\/wp\/v2\/posts"}],"about":[{"href":"https:\/\/amigoearuba.com\/index.php?rest_route=\/wp\/v2\/types\/post"}],"author":[{"embeddable":true,"href":"https:\/\/amigoearuba.com\/index.php?rest_route=\/wp\/v2\/users\/1"}],"replies":[{"embeddable":true,"href":"https:\/\/amigoearuba.com\/index.php?rest_route=%2Fwp%2Fv2%2Fcomments&post=14586"}],"version-history":[{"count":1,"href":"https:\/\/amigoearuba.com\/index.php?rest_route=\/wp\/v2\/posts\/14586\/revisions"}],"predecessor-version":[{"id":14587,"href":"https:\/\/amigoearuba.com\/index.php?rest_route=\/wp\/v2\/posts\/14586\/revisions\/14587"}],"wp:featuredmedia":[{"embeddable":true,"href":"https:\/\/amigoearuba.com\/index.php?rest_route=\/wp\/v2\/media\/14585"}],"wp:attachment":[{"href":"https:\/\/amigoearuba.com\/index.php?rest_route=%2Fwp%2Fv2%2Fmedia&parent=14586"}],"wp:term":[{"taxonomy":"category","embeddable":true,"href":"https:\/\/amigoearuba.com\/index.php?rest_route=%2Fwp%2Fv2%2Fcategories&post=14586"},{"taxonomy":"post_tag","embeddable":true,"href":"https:\/\/amigoearuba.com\/index.php?rest_route=%2Fwp%2Fv2%2Ftags&post=14586"}],"curies":[{"name":"wp","href":"https:\/\/api.w.org\/{rel}","templated":true}]}}