{"id":14559,"date":"2026-04-13T15:26:58","date_gmt":"2026-04-13T19:26:58","guid":{"rendered":"https:\/\/amigoearuba.com\/?p=14559"},"modified":"2026-04-25T22:03:38","modified_gmt":"2026-04-26T02:03:38","slug":"arubaanse-en-curacaose-delegaties-samen-bij-openingsceremonie-panama-2026","status":"publish","type":"post","link":"https:\/\/amigoearuba.com\/?p=14559","title":{"rendered":"Arubaanse en Cura\u00e7aose delegaties samen bij openingsceremonie Panama 2026"},"content":{"rendered":"<p>De delegaties van Aruba en Cura\u00e7ao zijn zondagavond samengekomen tijdens de openingsceremonie van de IV Zuid-Amerikaanse Jeugdspelen in Panama 2026. Beide teams zijn in Panama aanwezig om deel te nemen aan het sportevenement.<\/p>\n<p>Volgens het Arubaanse Olympisch Comit\u00e9 (COA) was de ontmoeting een bijzonder moment van eenheid tussen de twee eilanden. Het comit\u00e9 spreekt van een positieve ontwikkeling dat ook Cura\u00e7ao met een grote delegatie vertegenwoordigd is.<\/p>\n<p>Het COA stelt dat deze aanwezigheid wijst op verdere groei van de sport op Cura\u00e7ao en op aandacht voor het welzijn en de ontwikkeling van jonge atleten.<\/p>\n<p>Eerder werd tijdens een overleg met het bestuur en de directeur van de Federashon Deporte i Ol\u00edmpiko K\u00f2rsou (FDOK) gesproken over het uitbreiden van de samenwerking tussen Aruba en Cura\u00e7ao. Die samenwerking moet bijdragen aan het verder verhogen van het sportniveau in beide landen.<\/p>\n","protected":false},"excerpt":{"rendered":"<p>De delegaties van Aruba en Cura\u00e7ao hebben elkaar zondagavond ontmoet tijdens de openingsceremonie van de IV Zuid-Amerikaanse Jeugdspelen in Panama. Het Arubaanse Olympisch Comit\u00e9 noemt de gezamenlijke aanwezigheid een mooi moment van verbondenheid tussen de eilanden.<\/p>\n","protected":false},"author":1,"featured_media":14558,"comment_status":"open","ping_status":"open","sticky":false,"template":"","format":"standard","meta":{"_uag_custom_page_level_css":"","tdm_status":"","tdm_grid_status":"","footnotes":""},"categories":[120],"tags":[],"class_list":{"0":"post-14559","1":"post","2":"type-post","3":"status-publish","4":"format-standard","5":"has-post-thumbnail","7":"category-sport"},"yoast_head":"<!-- This site is optimized with the Yoast SEO plugin v27.4 - https:\/\/yoast.com\/product\/yoast-seo-wordpress\/ -->\n<title>Arubaanse en Cura\u00e7aose delegaties samen bij openingsceremonie Panama 2026 - Amigoe Aruba<\/title>\n<meta name=\"robots\" content=\"index, follow, max-snippet:-1, max-image-preview:large, max-video-preview:-1\" \/>\n<link rel=\"canonical\" href=\"https:\/\/amigoearuba.com\/?p=14559\" \/>\n<meta property=\"og:locale\" content=\"nl_NL\" \/>\n<meta property=\"og:type\" content=\"article\" \/>\n<meta property=\"og:title\" content=\"Arubaanse en Cura\u00e7aose delegaties samen bij openingsceremonie Panama 2026 - Amigoe Aruba\" \/>\n<meta property=\"og:description\" content=\"De delegaties van Aruba en Cura\u00e7ao hebben elkaar zondagavond ontmoet tijdens de openingsceremonie van de IV Zuid-Amerikaanse Jeugdspelen in Panama. Het Arubaanse Olympisch Comit\u00e9 noemt de gezamenlijke aanwezigheid een mooi moment van verbondenheid tussen de eilanden.\" \/>\n<meta property=\"og:url\" content=\"https:\/\/amigoearuba.com\/?p=14559\" \/>\n<meta property=\"og:site_name\" content=\"Amigoe Aruba\" \/>\n<meta property=\"article:published_time\" content=\"2026-04-13T19:26:58+00:00\" \/>\n<meta property=\"article:modified_time\" content=\"2026-04-26T02:03:38+00:00\" \/>\n<meta property=\"og:image\" content=\"https:\/\/amigoearuba.com\/wp-content\/uploads\/2026\/04\/coa_fdok.jpeg\" \/>\n\t<meta property=\"og:image:width\" content=\"1600\" \/>\n\t<meta property=\"og:image:height\" content=\"1066\" \/>\n\t<meta property=\"og:image:type\" content=\"image\/jpeg\" \/>\n<meta name=\"author\" content=\"Amigoe Aruba\" \/>\n<meta name=\"twitter:card\" content=\"summary_large_image\" \/>\n<meta name=\"twitter:label1\" content=\"Geschreven door\" \/>\n\t<meta name=\"twitter:data1\" content=\"Amigoe Aruba\" \/>\n\t<meta name=\"twitter:label2\" content=\"Verwachte leestijd\" \/>\n\t<meta name=\"twitter:data2\" content=\"1 minuut\" \/>\n<script type=\"application\/ld+json\" class=\"yoast-schema-graph\">{\"@context\":\"https:\\\/\\\/schema.org\",\"@graph\":[{\"@type\":\"Article\",\"@id\":\"https:\\\/\\\/amigoearuba.com\\\/?p=14559#article\",\"isPartOf\":{\"@id\":\"https:\\\/\\\/amigoearuba.com\\\/?p=14559\"},\"author\":{\"name\":\"Amigoe Aruba\",\"@id\":\"https:\\\/\\\/amigoearuba.com\\\/#\\\/schema\\\/person\\\/bf6efee3e232dd3f7774568893f79bbe\"},\"headline\":\"Arubaanse en Cura\u00e7aose delegaties samen bij openingsceremonie Panama 2026\",\"datePublished\":\"2026-04-13T19:26:58+00:00\",\"dateModified\":\"2026-04-26T02:03:38+00:00\",\"mainEntityOfPage\":{\"@id\":\"https:\\\/\\\/amigoearuba.com\\\/?p=14559\"},\"wordCount\":152,\"commentCount\":0,\"publisher\":{\"@id\":\"https:\\\/\\\/amigoearuba.com\\\/#organization\"},\"image\":{\"@id\":\"https:\\\/\\\/amigoearuba.com\\\/?p=14559#primaryimage\"},\"thumbnailUrl\":\"https:\\\/\\\/amigoearuba.com\\\/wp-content\\\/uploads\\\/2026\\\/04\\\/coa_fdok.jpeg\",\"articleSection\":[\"Sport\"],\"inLanguage\":\"nl-NL\",\"potentialAction\":[{\"@type\":\"CommentAction\",\"name\":\"Comment\",\"target\":[\"https:\\\/\\\/amigoearuba.com\\\/?p=14559#respond\"]}]},{\"@type\":\"WebPage\",\"@id\":\"https:\\\/\\\/amigoearuba.com\\\/?p=14559\",\"url\":\"https:\\\/\\\/amigoearuba.com\\\/?p=14559\",\"name\":\"Arubaanse en Cura\u00e7aose delegaties samen bij openingsceremonie Panama 2026 - Amigoe Aruba\",\"isPartOf\":{\"@id\":\"https:\\\/\\\/amigoearuba.com\\\/#website\"},\"primaryImageOfPage\":{\"@id\":\"https:\\\/\\\/amigoearuba.com\\\/?p=14559#primaryimage\"},\"image\":{\"@id\":\"https:\\\/\\\/amigoearuba.com\\\/?p=14559#primaryimage\"},\"thumbnailUrl\":\"https:\\\/\\\/amigoearuba.com\\\/wp-content\\\/uploads\\\/2026\\\/04\\\/coa_fdok.jpeg\",\"datePublished\":\"2026-04-13T19:26:58+00:00\",\"dateModified\":\"2026-04-26T02:03:38+00:00\",\"breadcrumb\":{\"@id\":\"https:\\\/\\\/amigoearuba.com\\\/?p=14559#breadcrumb\"},\"inLanguage\":\"nl-NL\",\"potentialAction\":[{\"@type\":\"ReadAction\",\"target\":[\"https:\\\/\\\/amigoearuba.com\\\/?p=14559\"]}]},{\"@type\":\"ImageObject\",\"inLanguage\":\"nl-NL\",\"@id\":\"https:\\\/\\\/amigoearuba.com\\\/?p=14559#primaryimage\",\"url\":\"https:\\\/\\\/amigoearuba.com\\\/wp-content\\\/uploads\\\/2026\\\/04\\\/coa_fdok.jpeg\",\"contentUrl\":\"https:\\\/\\\/amigoearuba.com\\\/wp-content\\\/uploads\\\/2026\\\/04\\\/coa_fdok.jpeg\",\"width\":1600,\"height\":1066},{\"@type\":\"BreadcrumbList\",\"@id\":\"https:\\\/\\\/amigoearuba.com\\\/?p=14559#breadcrumb\",\"itemListElement\":[{\"@type\":\"ListItem\",\"position\":1,\"name\":\"Home\",\"item\":\"https:\\\/\\\/amigoearuba.com\\\/\"},{\"@type\":\"ListItem\",\"position\":2,\"name\":\"Arubaanse en Cura\u00e7aose delegaties samen bij openingsceremonie Panama 2026\"}]},{\"@type\":\"WebSite\",\"@id\":\"https:\\\/\\\/amigoearuba.com\\\/#website\",\"url\":\"https:\\\/\\\/amigoearuba.com\\\/\",\"name\":\"Amigoe Aruba\",\"description\":\"\",\"publisher\":{\"@id\":\"https:\\\/\\\/amigoearuba.com\\\/#organization\"},\"potentialAction\":[{\"@type\":\"SearchAction\",\"target\":{\"@type\":\"EntryPoint\",\"urlTemplate\":\"https:\\\/\\\/amigoearuba.com\\\/?s={search_term_string}\"},\"query-input\":{\"@type\":\"PropertyValueSpecification\",\"valueRequired\":true,\"valueName\":\"search_term_string\"}}],\"inLanguage\":\"nl-NL\"},{\"@type\":\"Organization\",\"@id\":\"https:\\\/\\\/amigoearuba.com\\\/#organization\",\"name\":\"Amigoe Aruba\",\"url\":\"https:\\\/\\\/amigoearuba.com\\\/\",\"logo\":{\"@type\":\"ImageObject\",\"inLanguage\":\"nl-NL\",\"@id\":\"https:\\\/\\\/amigoearuba.com\\\/#\\\/schema\\\/logo\\\/image\\\/\",\"url\":\"https:\\\/\\\/amigoearuba.com\\\/wp-content\\\/uploads\\\/2025\\\/06\\\/Asset-33amigoe@3x.png\",\"contentUrl\":\"https:\\\/\\\/amigoearuba.com\\\/wp-content\\\/uploads\\\/2025\\\/06\\\/Asset-33amigoe@3x.png\",\"width\":223,\"height\":72,\"caption\":\"Amigoe Aruba\"},\"image\":{\"@id\":\"https:\\\/\\\/amigoearuba.com\\\/#\\\/schema\\\/logo\\\/image\\\/\"}},{\"@type\":\"Person\",\"@id\":\"https:\\\/\\\/amigoearuba.com\\\/#\\\/schema\\\/person\\\/bf6efee3e232dd3f7774568893f79bbe\",\"name\":\"Amigoe Aruba\",\"image\":{\"@type\":\"ImageObject\",\"inLanguage\":\"nl-NL\",\"@id\":\"https:\\\/\\\/secure.gravatar.com\\\/avatar\\\/393414aeb45fea6a12f8d5e0d40843d9b3a5c2919bde6e207590d000a8671b26?s=96&d=mm&r=g\",\"url\":\"https:\\\/\\\/secure.gravatar.com\\\/avatar\\\/393414aeb45fea6a12f8d5e0d40843d9b3a5c2919bde6e207590d000a8671b26?s=96&d=mm&r=g\",\"contentUrl\":\"https:\\\/\\\/secure.gravatar.com\\\/avatar\\\/393414aeb45fea6a12f8d5e0d40843d9b3a5c2919bde6e207590d000a8671b26?s=96&d=mm&r=g\",\"caption\":\"Amigoe Aruba\"},\"sameAs\":[\"https:\\\/\\\/amigoearuba.com\"],\"url\":\"https:\\\/\\\/amigoearuba.com\\\/?author=1\"}]}<\/script>\n<!-- \/ Yoast SEO plugin. -->","yoast_head_json":{"title":"Arubaanse en Cura\u00e7aose delegaties samen bij openingsceremonie Panama 2026 - Amigoe Aruba","robots":{"index":"index","follow":"follow","max-snippet":"max-snippet:-1","max-image-preview":"max-image-preview:large","max-video-preview":"max-video-preview:-1"},"canonical":"https:\/\/amigoearuba.com\/?p=14559","og_locale":"nl_NL","og_type":"article","og_title":"Arubaanse en Cura\u00e7aose delegaties samen bij openingsceremonie Panama 2026 - Amigoe Aruba","og_description":"De delegaties van Aruba en Cura\u00e7ao hebben elkaar zondagavond ontmoet tijdens de openingsceremonie van de IV Zuid-Amerikaanse Jeugdspelen in Panama. Het Arubaanse Olympisch Comit\u00e9 noemt de gezamenlijke aanwezigheid een mooi moment van verbondenheid tussen de eilanden.","og_url":"https:\/\/amigoearuba.com\/?p=14559","og_site_name":"Amigoe Aruba","article_published_time":"2026-04-13T19:26:58+00:00","article_modified_time":"2026-04-26T02:03:38+00:00","og_image":[{"width":1600,"height":1066,"url":"https:\/\/amigoearuba.com\/wp-content\/uploads\/2026\/04\/coa_fdok.jpeg","type":"image\/jpeg"}],"author":"Amigoe Aruba","twitter_card":"summary_large_image","twitter_misc":{"Geschreven door":"Amigoe Aruba","Verwachte leestijd":"1 minuut"},"schema":{"@context":"https:\/\/schema.org","@graph":[{"@type":"Article","@id":"https:\/\/amigoearuba.com\/?p=14559#article","isPartOf":{"@id":"https:\/\/amigoearuba.com\/?p=14559"},"author":{"name":"Amigoe Aruba","@id":"https:\/\/amigoearuba.com\/#\/schema\/person\/bf6efee3e232dd3f7774568893f79bbe"},"headline":"Arubaanse en Cura\u00e7aose delegaties samen bij openingsceremonie Panama 2026","datePublished":"2026-04-13T19:26:58+00:00","dateModified":"2026-04-26T02:03:38+00:00","mainEntityOfPage":{"@id":"https:\/\/amigoearuba.com\/?p=14559"},"wordCount":152,"commentCount":0,"publisher":{"@id":"https:\/\/amigoearuba.com\/#organization"},"image":{"@id":"https:\/\/amigoearuba.com\/?p=14559#primaryimage"},"thumbnailUrl":"https:\/\/amigoearuba.com\/wp-content\/uploads\/2026\/04\/coa_fdok.jpeg","articleSection":["Sport"],"inLanguage":"nl-NL","potentialAction":[{"@type":"CommentAction","name":"Comment","target":["https:\/\/amigoearuba.com\/?p=14559#respond"]}]},{"@type":"WebPage","@id":"https:\/\/amigoearuba.com\/?p=14559","url":"https:\/\/amigoearuba.com\/?p=14559","name":"Arubaanse en Cura\u00e7aose delegaties samen bij openingsceremonie Panama 2026 - Amigoe Aruba","isPartOf":{"@id":"https:\/\/amigoearuba.com\/#website"},"primaryImageOfPage":{"@id":"https:\/\/amigoearuba.com\/?p=14559#primaryimage"},"image":{"@id":"https:\/\/amigoearuba.com\/?p=14559#primaryimage"},"thumbnailUrl":"https:\/\/amigoearuba.com\/wp-content\/uploads\/2026\/04\/coa_fdok.jpeg","datePublished":"2026-04-13T19:26:58+00:00","dateModified":"2026-04-26T02:03:38+00:00","breadcrumb":{"@id":"https:\/\/amigoearuba.com\/?p=14559#breadcrumb"},"inLanguage":"nl-NL","potentialAction":[{"@type":"ReadAction","target":["https:\/\/amigoearuba.com\/?p=14559"]}]},{"@type":"ImageObject","inLanguage":"nl-NL","@id":"https:\/\/amigoearuba.com\/?p=14559#primaryimage","url":"https:\/\/amigoearuba.com\/wp-content\/uploads\/2026\/04\/coa_fdok.jpeg","contentUrl":"https:\/\/amigoearuba.com\/wp-content\/uploads\/2026\/04\/coa_fdok.jpeg","width":1600,"height":1066},{"@type":"BreadcrumbList","@id":"https:\/\/amigoearuba.com\/?p=14559#breadcrumb","itemListElement":[{"@type":"ListItem","position":1,"name":"Home","item":"https:\/\/amigoearuba.com\/"},{"@type":"ListItem","position":2,"name":"Arubaanse en Cura\u00e7aose delegaties samen bij openingsceremonie Panama 2026"}]},{"@type":"WebSite","@id":"https:\/\/amigoearuba.com\/#website","url":"https:\/\/amigoearuba.com\/","name":"Amigoe Aruba","description":"","publisher":{"@id":"https:\/\/amigoearuba.com\/#organization"},"potentialAction":[{"@type":"SearchAction","target":{"@type":"EntryPoint","urlTemplate":"https:\/\/amigoearuba.com\/?s={search_term_string}"},"query-input":{"@type":"PropertyValueSpecification","valueRequired":true,"valueName":"search_term_string"}}],"inLanguage":"nl-NL"},{"@type":"Organization","@id":"https:\/\/amigoearuba.com\/#organization","name":"Amigoe Aruba","url":"https:\/\/amigoearuba.com\/","logo":{"@type":"ImageObject","inLanguage":"nl-NL","@id":"https:\/\/amigoearuba.com\/#\/schema\/logo\/image\/","url":"https:\/\/amigoearuba.com\/wp-content\/uploads\/2025\/06\/Asset-33amigoe@3x.png","contentUrl":"https:\/\/amigoearuba.com\/wp-content\/uploads\/2025\/06\/Asset-33amigoe@3x.png","width":223,"height":72,"caption":"Amigoe Aruba"},"image":{"@id":"https:\/\/amigoearuba.com\/#\/schema\/logo\/image\/"}},{"@type":"Person","@id":"https:\/\/amigoearuba.com\/#\/schema\/person\/bf6efee3e232dd3f7774568893f79bbe","name":"Amigoe Aruba","image":{"@type":"ImageObject","inLanguage":"nl-NL","@id":"https:\/\/secure.gravatar.com\/avatar\/393414aeb45fea6a12f8d5e0d40843d9b3a5c2919bde6e207590d000a8671b26?s=96&d=mm&r=g","url":"https:\/\/secure.gravatar.com\/avatar\/393414aeb45fea6a12f8d5e0d40843d9b3a5c2919bde6e207590d000a8671b26?s=96&d=mm&r=g","contentUrl":"https:\/\/secure.gravatar.com\/avatar\/393414aeb45fea6a12f8d5e0d40843d9b3a5c2919bde6e207590d000a8671b26?s=96&d=mm&r=g","caption":"Amigoe Aruba"},"sameAs":["https:\/\/amigoearuba.com"],"url":"https:\/\/amigoearuba.com\/?author=1"}]}},"jetpack_featured_media_url":"https:\/\/amigoearuba.com\/wp-content\/uploads\/2026\/04\/coa_fdok.jpeg","uagb_featured_image_src":{"full":["https:\/\/amigoearuba.com\/wp-content\/uploads\/2026\/04\/coa_fdok.jpeg",1600,1066,false],"thumbnail":["https:\/\/amigoearuba.com\/wp-content\/uploads\/2026\/04\/coa_fdok-150x150.jpeg",150,150,true],"medium":["https:\/\/amigoearuba.com\/wp-content\/uploads\/2026\/04\/coa_fdok-300x200.jpeg",300,200,true],"medium_large":["https:\/\/amigoearuba.com\/wp-content\/uploads\/2026\/04\/coa_fdok-768x512.jpeg",696,464,true],"large":["https:\/\/amigoearuba.com\/wp-content\/uploads\/2026\/04\/coa_fdok-1024x682.jpeg",696,464,true],"1536x1536":["https:\/\/amigoearuba.com\/wp-content\/uploads\/2026\/04\/coa_fdok-1536x1023.jpeg",1536,1023,true],"2048x2048":["https:\/\/amigoearuba.com\/wp-content\/uploads\/2026\/04\/coa_fdok.jpeg",1600,1066,false],"td_0x420":["https:\/\/amigoearuba.com\/wp-content\/uploads\/2026\/04\/coa_fdok-630x420.jpeg",630,420,true],"td_80x60":["https:\/\/amigoearuba.com\/wp-content\/uploads\/2026\/04\/coa_fdok-80x60.jpeg",80,60,true],"td_150x0":["https:\/\/amigoearuba.com\/wp-content\/uploads\/2026\/04\/coa_fdok-150x100.jpeg",150,100,true],"td_218x150":["https:\/\/amigoearuba.com\/wp-content\/uploads\/2026\/04\/coa_fdok-218x150.jpeg",218,150,true],"td_300x0":["https:\/\/amigoearuba.com\/wp-content\/uploads\/2026\/04\/coa_fdok-300x200.jpeg",300,200,true],"td_324x400":["https:\/\/amigoearuba.com\/wp-content\/uploads\/2026\/04\/coa_fdok-324x400.jpeg",324,400,true],"td_485x360":["https:\/\/amigoearuba.com\/wp-content\/uploads\/2026\/04\/coa_fdok-485x360.jpeg",485,360,true],"td_696x0":["https:\/\/amigoearuba.com\/wp-content\/uploads\/2026\/04\/coa_fdok-696x464.jpeg",696,464,true],"td_1068x0":["https:\/\/amigoearuba.com\/wp-content\/uploads\/2026\/04\/coa_fdok-1068x712.jpeg",1068,712,true],"td_1920x0":["https:\/\/amigoearuba.com\/wp-content\/uploads\/2026\/04\/coa_fdok.jpeg",1600,1066,false],"td_265x198":["https:\/\/amigoearuba.com\/wp-content\/uploads\/2026\/04\/coa_fdok-265x198.jpeg",265,198,true],"td_741x486":["https:\/\/amigoearuba.com\/wp-content\/uploads\/2026\/04\/coa_fdok-741x486.jpeg",741,486,true]},"uagb_author_info":{"display_name":"Amigoe Aruba","author_link":"https:\/\/amigoearuba.com\/?author=1"},"uagb_comment_info":0,"uagb_excerpt":"De delegaties van Aruba en Cura\u00e7ao hebben elkaar zondagavond ontmoet tijdens de openingsceremonie van de IV Zuid-Amerikaanse Jeugdspelen in Panama. Het Arubaanse Olympisch Comit\u00e9 noemt de gezamenlijke aanwezigheid een mooi moment van verbondenheid tussen de eilanden.","amp_enabled":true,"_links":{"self":[{"href":"https:\/\/amigoearuba.com\/index.php?rest_route=\/wp\/v2\/posts\/14559","targetHints":{"allow":["GET"]}}],"collection":[{"href":"https:\/\/amigoearuba.com\/index.php?rest_route=\/wp\/v2\/posts"}],"about":[{"href":"https:\/\/amigoearuba.com\/index.php?rest_route=\/wp\/v2\/types\/post"}],"author":[{"embeddable":true,"href":"https:\/\/amigoearuba.com\/index.php?rest_route=\/wp\/v2\/users\/1"}],"replies":[{"embeddable":true,"href":"https:\/\/amigoearuba.com\/index.php?rest_route=%2Fwp%2Fv2%2Fcomments&post=14559"}],"version-history":[{"count":1,"href":"https:\/\/amigoearuba.com\/index.php?rest_route=\/wp\/v2\/posts\/14559\/revisions"}],"predecessor-version":[{"id":14560,"href":"https:\/\/amigoearuba.com\/index.php?rest_route=\/wp\/v2\/posts\/14559\/revisions\/14560"}],"wp:featuredmedia":[{"embeddable":true,"href":"https:\/\/amigoearuba.com\/index.php?rest_route=\/wp\/v2\/media\/14558"}],"wp:attachment":[{"href":"https:\/\/amigoearuba.com\/index.php?rest_route=%2Fwp%2Fv2%2Fmedia&parent=14559"}],"wp:term":[{"taxonomy":"category","embeddable":true,"href":"https:\/\/amigoearuba.com\/index.php?rest_route=%2Fwp%2Fv2%2Fcategories&post=14559"},{"taxonomy":"post_tag","embeddable":true,"href":"https:\/\/amigoearuba.com\/index.php?rest_route=%2Fwp%2Fv2%2Ftags&post=14559"}],"curies":[{"name":"wp","href":"https:\/\/api.w.org\/{rel}","templated":true}]}}