{"id":13838,"date":"2026-03-04T13:51:47","date_gmt":"2026-03-04T17:51:47","guid":{"rendered":"https:\/\/amigoearuba.com\/?p=13838"},"modified":"2026-04-25T16:34:28","modified_gmt":"2026-04-25T20:34:28","slug":"ser-curacao-maakt-kennis-met-vertegenwoordiging-van-nederland","status":"publish","type":"post","link":"https:\/\/amigoearuba.com\/?p=13838","title":{"rendered":"SER Cura\u00e7ao maakt kennis met Vertegenwoordiging van Nederland"},"content":{"rendered":"<p>WILLEMSTAD \u2014 Op verzoek van de Vertegenwoordiger van Nederland te Willemstad, Gerbert Kunst, heeft op donderdag 26 februari een kennismakingsbijeenkomst plaatsgevonden met de ambtelijke staf van de Sociaal-Economische Raad (SER) van Cura\u00e7ao.<\/p>\n<p>Tijdens de ontmoeting is kort van gedachten gewisseld over actuele sociaal-economische thema\u2019s. Daarbij spraken beide partijen de wens uit om in de toekomst te komen tot verdere afstemming en samenwerking.<\/p>\n<p>Op de foto staan, van links naar rechts: Irainety Copra, senior adviseur bij de SER Cura\u00e7ao; Miloushka Sboui-Racamy, senior adviseur bij de SER Cura\u00e7ao; Stefan Riezebos, senior beleidsmedewerker Economie bij de Vertegenwoordiging van Nederland in Aruba, Cura\u00e7ao en Sint Maarten; Gerbert Kunst, Vertegenwoordiger van Nederland in Aruba, Cura\u00e7ao en Sint Maarten; Raul Henriquez, directeur\/algemeen secretaris van de SER Cura\u00e7ao; Sharlyn Curial-Villarreal, senior adviseur bij de SER Cura\u00e7ao; en Gianique Curiel, adviseur bij de SER Cura\u00e7ao.<\/p>\n","protected":false},"excerpt":{"rendered":"<p>De ambtelijke staf van de Sociaal-Economische Raad van Cura\u00e7ao heeft in Willemstad kennisgemaakt met de Vertegenwoordiger van Nederland in Aruba, Cura\u00e7ao en Sint Maarten, Gerbert Kunst.<\/p>\n","protected":false},"author":1,"featured_media":13837,"comment_status":"open","ping_status":"open","sticky":false,"template":"","format":"standard","meta":{"_uag_custom_page_level_css":"","tdm_status":"","tdm_grid_status":"","footnotes":""},"categories":[156],"tags":[],"class_list":{"0":"post-13838","1":"post","2":"type-post","3":"status-publish","4":"format-standard","5":"has-post-thumbnail","7":"category-politiek"},"yoast_head":"<!-- This site is optimized with the Yoast SEO plugin v27.4 - https:\/\/yoast.com\/product\/yoast-seo-wordpress\/ -->\n<title>SER Cura\u00e7ao maakt kennis met Vertegenwoordiging van Nederland - Amigoe Aruba<\/title>\n<meta name=\"robots\" content=\"index, follow, max-snippet:-1, max-image-preview:large, max-video-preview:-1\" \/>\n<link rel=\"canonical\" href=\"https:\/\/amigoearuba.com\/?p=13838\" \/>\n<meta property=\"og:locale\" content=\"nl_NL\" \/>\n<meta property=\"og:type\" content=\"article\" \/>\n<meta property=\"og:title\" content=\"SER Cura\u00e7ao maakt kennis met Vertegenwoordiging van Nederland - Amigoe Aruba\" \/>\n<meta property=\"og:description\" content=\"De ambtelijke staf van de Sociaal-Economische Raad van Cura\u00e7ao heeft in Willemstad kennisgemaakt met de Vertegenwoordiger van Nederland in Aruba, Cura\u00e7ao en Sint Maarten, Gerbert Kunst.\" \/>\n<meta property=\"og:url\" content=\"https:\/\/amigoearuba.com\/?p=13838\" \/>\n<meta property=\"og:site_name\" content=\"Amigoe Aruba\" \/>\n<meta property=\"article:published_time\" content=\"2026-03-04T17:51:47+00:00\" \/>\n<meta property=\"article:modified_time\" content=\"2026-04-25T20:34:28+00:00\" \/>\n<meta property=\"og:image\" content=\"https:\/\/amigoearuba.com\/wp-content\/uploads\/2026\/04\/image-18.png\" \/>\n\t<meta property=\"og:image:width\" content=\"1545\" \/>\n\t<meta property=\"og:image:height\" content=\"2000\" \/>\n\t<meta property=\"og:image:type\" content=\"image\/png\" \/>\n<meta name=\"author\" content=\"Amigoe Aruba\" \/>\n<meta name=\"twitter:card\" content=\"summary_large_image\" \/>\n<meta name=\"twitter:label1\" content=\"Geschreven door\" \/>\n\t<meta name=\"twitter:data1\" content=\"Amigoe Aruba\" \/>\n\t<meta name=\"twitter:label2\" content=\"Verwachte leestijd\" \/>\n\t<meta name=\"twitter:data2\" content=\"1 minuut\" \/>\n<script type=\"application\/ld+json\" class=\"yoast-schema-graph\">{\"@context\":\"https:\\\/\\\/schema.org\",\"@graph\":[{\"@type\":\"Article\",\"@id\":\"https:\\\/\\\/amigoearuba.com\\\/?p=13838#article\",\"isPartOf\":{\"@id\":\"https:\\\/\\\/amigoearuba.com\\\/?p=13838\"},\"author\":{\"name\":\"Amigoe Aruba\",\"@id\":\"https:\\\/\\\/amigoearuba.com\\\/#\\\/schema\\\/person\\\/bf6efee3e232dd3f7774568893f79bbe\"},\"headline\":\"SER Cura\u00e7ao maakt kennis met Vertegenwoordiging van Nederland\",\"datePublished\":\"2026-03-04T17:51:47+00:00\",\"dateModified\":\"2026-04-25T20:34:28+00:00\",\"mainEntityOfPage\":{\"@id\":\"https:\\\/\\\/amigoearuba.com\\\/?p=13838\"},\"wordCount\":154,\"commentCount\":0,\"publisher\":{\"@id\":\"https:\\\/\\\/amigoearuba.com\\\/#organization\"},\"image\":{\"@id\":\"https:\\\/\\\/amigoearuba.com\\\/?p=13838#primaryimage\"},\"thumbnailUrl\":\"https:\\\/\\\/amigoearuba.com\\\/wp-content\\\/uploads\\\/2026\\\/04\\\/image-18.png\",\"articleSection\":[\"Politiek\"],\"inLanguage\":\"nl-NL\",\"potentialAction\":[{\"@type\":\"CommentAction\",\"name\":\"Comment\",\"target\":[\"https:\\\/\\\/amigoearuba.com\\\/?p=13838#respond\"]}]},{\"@type\":\"WebPage\",\"@id\":\"https:\\\/\\\/amigoearuba.com\\\/?p=13838\",\"url\":\"https:\\\/\\\/amigoearuba.com\\\/?p=13838\",\"name\":\"SER Cura\u00e7ao maakt kennis met Vertegenwoordiging van Nederland - Amigoe Aruba\",\"isPartOf\":{\"@id\":\"https:\\\/\\\/amigoearuba.com\\\/#website\"},\"primaryImageOfPage\":{\"@id\":\"https:\\\/\\\/amigoearuba.com\\\/?p=13838#primaryimage\"},\"image\":{\"@id\":\"https:\\\/\\\/amigoearuba.com\\\/?p=13838#primaryimage\"},\"thumbnailUrl\":\"https:\\\/\\\/amigoearuba.com\\\/wp-content\\\/uploads\\\/2026\\\/04\\\/image-18.png\",\"datePublished\":\"2026-03-04T17:51:47+00:00\",\"dateModified\":\"2026-04-25T20:34:28+00:00\",\"breadcrumb\":{\"@id\":\"https:\\\/\\\/amigoearuba.com\\\/?p=13838#breadcrumb\"},\"inLanguage\":\"nl-NL\",\"potentialAction\":[{\"@type\":\"ReadAction\",\"target\":[\"https:\\\/\\\/amigoearuba.com\\\/?p=13838\"]}]},{\"@type\":\"ImageObject\",\"inLanguage\":\"nl-NL\",\"@id\":\"https:\\\/\\\/amigoearuba.com\\\/?p=13838#primaryimage\",\"url\":\"https:\\\/\\\/amigoearuba.com\\\/wp-content\\\/uploads\\\/2026\\\/04\\\/image-18.png\",\"contentUrl\":\"https:\\\/\\\/amigoearuba.com\\\/wp-content\\\/uploads\\\/2026\\\/04\\\/image-18.png\",\"width\":1545,\"height\":2000},{\"@type\":\"BreadcrumbList\",\"@id\":\"https:\\\/\\\/amigoearuba.com\\\/?p=13838#breadcrumb\",\"itemListElement\":[{\"@type\":\"ListItem\",\"position\":1,\"name\":\"Home\",\"item\":\"https:\\\/\\\/amigoearuba.com\\\/\"},{\"@type\":\"ListItem\",\"position\":2,\"name\":\"SER Cura\u00e7ao maakt kennis met Vertegenwoordiging van Nederland\"}]},{\"@type\":\"WebSite\",\"@id\":\"https:\\\/\\\/amigoearuba.com\\\/#website\",\"url\":\"https:\\\/\\\/amigoearuba.com\\\/\",\"name\":\"Amigoe Aruba\",\"description\":\"\",\"publisher\":{\"@id\":\"https:\\\/\\\/amigoearuba.com\\\/#organization\"},\"potentialAction\":[{\"@type\":\"SearchAction\",\"target\":{\"@type\":\"EntryPoint\",\"urlTemplate\":\"https:\\\/\\\/amigoearuba.com\\\/?s={search_term_string}\"},\"query-input\":{\"@type\":\"PropertyValueSpecification\",\"valueRequired\":true,\"valueName\":\"search_term_string\"}}],\"inLanguage\":\"nl-NL\"},{\"@type\":\"Organization\",\"@id\":\"https:\\\/\\\/amigoearuba.com\\\/#organization\",\"name\":\"Amigoe Aruba\",\"url\":\"https:\\\/\\\/amigoearuba.com\\\/\",\"logo\":{\"@type\":\"ImageObject\",\"inLanguage\":\"nl-NL\",\"@id\":\"https:\\\/\\\/amigoearuba.com\\\/#\\\/schema\\\/logo\\\/image\\\/\",\"url\":\"https:\\\/\\\/amigoearuba.com\\\/wp-content\\\/uploads\\\/2025\\\/06\\\/Asset-33amigoe@3x.png\",\"contentUrl\":\"https:\\\/\\\/amigoearuba.com\\\/wp-content\\\/uploads\\\/2025\\\/06\\\/Asset-33amigoe@3x.png\",\"width\":223,\"height\":72,\"caption\":\"Amigoe Aruba\"},\"image\":{\"@id\":\"https:\\\/\\\/amigoearuba.com\\\/#\\\/schema\\\/logo\\\/image\\\/\"}},{\"@type\":\"Person\",\"@id\":\"https:\\\/\\\/amigoearuba.com\\\/#\\\/schema\\\/person\\\/bf6efee3e232dd3f7774568893f79bbe\",\"name\":\"Amigoe Aruba\",\"image\":{\"@type\":\"ImageObject\",\"inLanguage\":\"nl-NL\",\"@id\":\"https:\\\/\\\/secure.gravatar.com\\\/avatar\\\/393414aeb45fea6a12f8d5e0d40843d9b3a5c2919bde6e207590d000a8671b26?s=96&d=mm&r=g\",\"url\":\"https:\\\/\\\/secure.gravatar.com\\\/avatar\\\/393414aeb45fea6a12f8d5e0d40843d9b3a5c2919bde6e207590d000a8671b26?s=96&d=mm&r=g\",\"contentUrl\":\"https:\\\/\\\/secure.gravatar.com\\\/avatar\\\/393414aeb45fea6a12f8d5e0d40843d9b3a5c2919bde6e207590d000a8671b26?s=96&d=mm&r=g\",\"caption\":\"Amigoe Aruba\"},\"sameAs\":[\"https:\\\/\\\/amigoearuba.com\"],\"url\":\"https:\\\/\\\/amigoearuba.com\\\/?author=1\"}]}<\/script>\n<!-- \/ Yoast SEO plugin. -->","yoast_head_json":{"title":"SER Cura\u00e7ao maakt kennis met Vertegenwoordiging van Nederland - Amigoe Aruba","robots":{"index":"index","follow":"follow","max-snippet":"max-snippet:-1","max-image-preview":"max-image-preview:large","max-video-preview":"max-video-preview:-1"},"canonical":"https:\/\/amigoearuba.com\/?p=13838","og_locale":"nl_NL","og_type":"article","og_title":"SER Cura\u00e7ao maakt kennis met Vertegenwoordiging van Nederland - Amigoe Aruba","og_description":"De ambtelijke staf van de Sociaal-Economische Raad van Cura\u00e7ao heeft in Willemstad kennisgemaakt met de Vertegenwoordiger van Nederland in Aruba, Cura\u00e7ao en Sint Maarten, Gerbert Kunst.","og_url":"https:\/\/amigoearuba.com\/?p=13838","og_site_name":"Amigoe Aruba","article_published_time":"2026-03-04T17:51:47+00:00","article_modified_time":"2026-04-25T20:34:28+00:00","og_image":[{"width":1545,"height":2000,"url":"https:\/\/amigoearuba.com\/wp-content\/uploads\/2026\/04\/image-18.png","type":"image\/png"}],"author":"Amigoe Aruba","twitter_card":"summary_large_image","twitter_misc":{"Geschreven door":"Amigoe Aruba","Verwachte leestijd":"1 minuut"},"schema":{"@context":"https:\/\/schema.org","@graph":[{"@type":"Article","@id":"https:\/\/amigoearuba.com\/?p=13838#article","isPartOf":{"@id":"https:\/\/amigoearuba.com\/?p=13838"},"author":{"name":"Amigoe Aruba","@id":"https:\/\/amigoearuba.com\/#\/schema\/person\/bf6efee3e232dd3f7774568893f79bbe"},"headline":"SER Cura\u00e7ao maakt kennis met Vertegenwoordiging van Nederland","datePublished":"2026-03-04T17:51:47+00:00","dateModified":"2026-04-25T20:34:28+00:00","mainEntityOfPage":{"@id":"https:\/\/amigoearuba.com\/?p=13838"},"wordCount":154,"commentCount":0,"publisher":{"@id":"https:\/\/amigoearuba.com\/#organization"},"image":{"@id":"https:\/\/amigoearuba.com\/?p=13838#primaryimage"},"thumbnailUrl":"https:\/\/amigoearuba.com\/wp-content\/uploads\/2026\/04\/image-18.png","articleSection":["Politiek"],"inLanguage":"nl-NL","potentialAction":[{"@type":"CommentAction","name":"Comment","target":["https:\/\/amigoearuba.com\/?p=13838#respond"]}]},{"@type":"WebPage","@id":"https:\/\/amigoearuba.com\/?p=13838","url":"https:\/\/amigoearuba.com\/?p=13838","name":"SER Cura\u00e7ao maakt kennis met Vertegenwoordiging van Nederland - Amigoe Aruba","isPartOf":{"@id":"https:\/\/amigoearuba.com\/#website"},"primaryImageOfPage":{"@id":"https:\/\/amigoearuba.com\/?p=13838#primaryimage"},"image":{"@id":"https:\/\/amigoearuba.com\/?p=13838#primaryimage"},"thumbnailUrl":"https:\/\/amigoearuba.com\/wp-content\/uploads\/2026\/04\/image-18.png","datePublished":"2026-03-04T17:51:47+00:00","dateModified":"2026-04-25T20:34:28+00:00","breadcrumb":{"@id":"https:\/\/amigoearuba.com\/?p=13838#breadcrumb"},"inLanguage":"nl-NL","potentialAction":[{"@type":"ReadAction","target":["https:\/\/amigoearuba.com\/?p=13838"]}]},{"@type":"ImageObject","inLanguage":"nl-NL","@id":"https:\/\/amigoearuba.com\/?p=13838#primaryimage","url":"https:\/\/amigoearuba.com\/wp-content\/uploads\/2026\/04\/image-18.png","contentUrl":"https:\/\/amigoearuba.com\/wp-content\/uploads\/2026\/04\/image-18.png","width":1545,"height":2000},{"@type":"BreadcrumbList","@id":"https:\/\/amigoearuba.com\/?p=13838#breadcrumb","itemListElement":[{"@type":"ListItem","position":1,"name":"Home","item":"https:\/\/amigoearuba.com\/"},{"@type":"ListItem","position":2,"name":"SER Cura\u00e7ao maakt kennis met Vertegenwoordiging van Nederland"}]},{"@type":"WebSite","@id":"https:\/\/amigoearuba.com\/#website","url":"https:\/\/amigoearuba.com\/","name":"Amigoe Aruba","description":"","publisher":{"@id":"https:\/\/amigoearuba.com\/#organization"},"potentialAction":[{"@type":"SearchAction","target":{"@type":"EntryPoint","urlTemplate":"https:\/\/amigoearuba.com\/?s={search_term_string}"},"query-input":{"@type":"PropertyValueSpecification","valueRequired":true,"valueName":"search_term_string"}}],"inLanguage":"nl-NL"},{"@type":"Organization","@id":"https:\/\/amigoearuba.com\/#organization","name":"Amigoe Aruba","url":"https:\/\/amigoearuba.com\/","logo":{"@type":"ImageObject","inLanguage":"nl-NL","@id":"https:\/\/amigoearuba.com\/#\/schema\/logo\/image\/","url":"https:\/\/amigoearuba.com\/wp-content\/uploads\/2025\/06\/Asset-33amigoe@3x.png","contentUrl":"https:\/\/amigoearuba.com\/wp-content\/uploads\/2025\/06\/Asset-33amigoe@3x.png","width":223,"height":72,"caption":"Amigoe Aruba"},"image":{"@id":"https:\/\/amigoearuba.com\/#\/schema\/logo\/image\/"}},{"@type":"Person","@id":"https:\/\/amigoearuba.com\/#\/schema\/person\/bf6efee3e232dd3f7774568893f79bbe","name":"Amigoe Aruba","image":{"@type":"ImageObject","inLanguage":"nl-NL","@id":"https:\/\/secure.gravatar.com\/avatar\/393414aeb45fea6a12f8d5e0d40843d9b3a5c2919bde6e207590d000a8671b26?s=96&d=mm&r=g","url":"https:\/\/secure.gravatar.com\/avatar\/393414aeb45fea6a12f8d5e0d40843d9b3a5c2919bde6e207590d000a8671b26?s=96&d=mm&r=g","contentUrl":"https:\/\/secure.gravatar.com\/avatar\/393414aeb45fea6a12f8d5e0d40843d9b3a5c2919bde6e207590d000a8671b26?s=96&d=mm&r=g","caption":"Amigoe Aruba"},"sameAs":["https:\/\/amigoearuba.com"],"url":"https:\/\/amigoearuba.com\/?author=1"}]}},"jetpack_featured_media_url":"https:\/\/amigoearuba.com\/wp-content\/uploads\/2026\/04\/image-18.png","uagb_featured_image_src":{"full":["https:\/\/amigoearuba.com\/wp-content\/uploads\/2026\/04\/image-18.png",1545,2000,false],"thumbnail":["https:\/\/amigoearuba.com\/wp-content\/uploads\/2026\/04\/image-18-150x150.png",150,150,true],"medium":["https:\/\/amigoearuba.com\/wp-content\/uploads\/2026\/04\/image-18-232x300.png",232,300,true],"medium_large":["https:\/\/amigoearuba.com\/wp-content\/uploads\/2026\/04\/image-18-768x994.png",696,901,true],"large":["https:\/\/amigoearuba.com\/wp-content\/uploads\/2026\/04\/image-18-791x1024.png",696,901,true],"1536x1536":["https:\/\/amigoearuba.com\/wp-content\/uploads\/2026\/04\/image-18-1187x1536.png",1187,1536,true],"2048x2048":["https:\/\/amigoearuba.com\/wp-content\/uploads\/2026\/04\/image-18.png",1545,2000,false],"td_0x420":["https:\/\/amigoearuba.com\/wp-content\/uploads\/2026\/04\/image-18-324x420.png",324,420,true],"td_80x60":["https:\/\/amigoearuba.com\/wp-content\/uploads\/2026\/04\/image-18-80x60.png",80,60,true],"td_150x0":["https:\/\/amigoearuba.com\/wp-content\/uploads\/2026\/04\/image-18-150x194.png",150,194,true],"td_218x150":["https:\/\/amigoearuba.com\/wp-content\/uploads\/2026\/04\/image-18-218x150.png",218,150,true],"td_300x0":["https:\/\/amigoearuba.com\/wp-content\/uploads\/2026\/04\/image-18-300x388.png",300,388,true],"td_324x400":["https:\/\/amigoearuba.com\/wp-content\/uploads\/2026\/04\/image-18-324x400.png",324,400,true],"td_485x360":["https:\/\/amigoearuba.com\/wp-content\/uploads\/2026\/04\/image-18-485x360.png",485,360,true],"td_696x0":["https:\/\/amigoearuba.com\/wp-content\/uploads\/2026\/04\/image-18-696x901.png",696,901,true],"td_1068x0":["https:\/\/amigoearuba.com\/wp-content\/uploads\/2026\/04\/image-18-1068x1383.png",1068,1383,true],"td_1920x0":["https:\/\/amigoearuba.com\/wp-content\/uploads\/2026\/04\/image-18.png",1545,2000,false],"td_265x198":["https:\/\/amigoearuba.com\/wp-content\/uploads\/2026\/04\/image-18-265x198.png",265,198,true],"td_741x486":["https:\/\/amigoearuba.com\/wp-content\/uploads\/2026\/04\/image-18-741x486.png",741,486,true]},"uagb_author_info":{"display_name":"Amigoe Aruba","author_link":"https:\/\/amigoearuba.com\/?author=1"},"uagb_comment_info":0,"uagb_excerpt":"De ambtelijke staf van de Sociaal-Economische Raad van Cura\u00e7ao heeft in Willemstad kennisgemaakt met de Vertegenwoordiger van Nederland in Aruba, Cura\u00e7ao en Sint Maarten, Gerbert Kunst.","amp_enabled":true,"_links":{"self":[{"href":"https:\/\/amigoearuba.com\/index.php?rest_route=\/wp\/v2\/posts\/13838","targetHints":{"allow":["GET"]}}],"collection":[{"href":"https:\/\/amigoearuba.com\/index.php?rest_route=\/wp\/v2\/posts"}],"about":[{"href":"https:\/\/amigoearuba.com\/index.php?rest_route=\/wp\/v2\/types\/post"}],"author":[{"embeddable":true,"href":"https:\/\/amigoearuba.com\/index.php?rest_route=\/wp\/v2\/users\/1"}],"replies":[{"embeddable":true,"href":"https:\/\/amigoearuba.com\/index.php?rest_route=%2Fwp%2Fv2%2Fcomments&post=13838"}],"version-history":[{"count":1,"href":"https:\/\/amigoearuba.com\/index.php?rest_route=\/wp\/v2\/posts\/13838\/revisions"}],"predecessor-version":[{"id":13839,"href":"https:\/\/amigoearuba.com\/index.php?rest_route=\/wp\/v2\/posts\/13838\/revisions\/13839"}],"wp:featuredmedia":[{"embeddable":true,"href":"https:\/\/amigoearuba.com\/index.php?rest_route=\/wp\/v2\/media\/13837"}],"wp:attachment":[{"href":"https:\/\/amigoearuba.com\/index.php?rest_route=%2Fwp%2Fv2%2Fmedia&parent=13838"}],"wp:term":[{"taxonomy":"category","embeddable":true,"href":"https:\/\/amigoearuba.com\/index.php?rest_route=%2Fwp%2Fv2%2Fcategories&post=13838"},{"taxonomy":"post_tag","embeddable":true,"href":"https:\/\/amigoearuba.com\/index.php?rest_route=%2Fwp%2Fv2%2Ftags&post=13838"}],"curies":[{"name":"wp","href":"https:\/\/api.w.org\/{rel}","templated":true}]}}