{"id":13416,"date":"2026-02-02T12:06:30","date_gmt":"2026-02-02T16:06:30","guid":{"rendered":"https:\/\/amigoearuba.com\/?p=13416"},"modified":"2026-04-25T15:11:03","modified_gmt":"2026-04-25T19:11:03","slug":"coa-overlegt-met-arubaanse-gymnastiekfederatie-over-route-naar-2026","status":"publish","type":"post","link":"https:\/\/amigoearuba.com\/?p=13416","title":{"rendered":"COA overlegt met Arubaanse gymnastiekfederatie over route naar 2026"},"content":{"rendered":"<p>Het Comit\u00e9 Ol\u00edmpico Arubano (COA) heeft zijn reeks technisch-sportieve vergaderingen met aangesloten sportbonden voortgezet met een bijeenkomst met de Federaci\u00f3n Gymnastico Arubano (FGA).<\/p>\n<p>Tijdens het overleg zaten vertegenwoordigers van het COA en leden van de technische afdeling van Directie Deporte samen met de federatie en haar trainers. Besproken werd onder meer het trainingsplan voor 2026. Ook werd stilgestaan bij de sporters die in aanmerking kunnen komen voor deelname aan wedstrijden van de olympische cyclus die de komende periode op de kalender staan.<\/p>\n<p>De federatie presenteerde atleten uit zowel de ritmische als de artistieke gymnastiek. Volgens het COA gaven beide trainers een toelichting op de stand van zaken binnen hun discipline en op de ontwikkeling van de sporters.<\/p>\n<p>Bij de presentatie van de ritmische gymnastiek werd gekeken naar mogelijke deelname aan de Centraal-Amerikaanse en Caribische Spelen van Santo Domingo in 2026. Daarna volgde een presentatie over de artistieke gymnastiek, waarbij eveneens verschillende atleten werden voorgesteld met mogelijke deelname aan diverse evenementen in de aanloop daarnaartoe.<\/p>\n<p>Met de bijeenkomst wil het COA meer inzicht krijgen in de voorbereiding, voortgang en internationale kansen van de aangesloten bonden en hun atleten.<\/p>\n","protected":false},"excerpt":{"rendered":"<p>Het Comit\u00e9 Ol\u00edmpico Arubano heeft in het kader van zijn technisch-sportieve overleg vergaderd met de Federaci\u00f3n Gymnastico Arubano. Daarbij stonden de trainingsplanning voor 2026 en de mogelijke deelname van turnsters aan wedstrijden binnen de olympische cyclus centraal.<\/p>\n","protected":false},"author":1,"featured_media":13415,"comment_status":"open","ping_status":"open","sticky":false,"template":"","format":"standard","meta":{"_uag_custom_page_level_css":"","tdm_status":"","tdm_grid_status":"","footnotes":""},"categories":[120],"tags":[],"class_list":{"0":"post-13416","1":"post","2":"type-post","3":"status-publish","4":"format-standard","5":"has-post-thumbnail","7":"category-sport"},"yoast_head":"<!-- This site is optimized with the Yoast SEO plugin v27.4 - https:\/\/yoast.com\/product\/yoast-seo-wordpress\/ -->\n<title>COA overlegt met Arubaanse gymnastiekfederatie over route naar 2026 - Amigoe Aruba<\/title>\n<meta name=\"robots\" content=\"index, follow, max-snippet:-1, max-image-preview:large, max-video-preview:-1\" \/>\n<link rel=\"canonical\" href=\"https:\/\/amigoearuba.com\/?p=13416\" \/>\n<meta property=\"og:locale\" content=\"nl_NL\" \/>\n<meta property=\"og:type\" content=\"article\" \/>\n<meta property=\"og:title\" content=\"COA overlegt met Arubaanse gymnastiekfederatie over route naar 2026 - Amigoe Aruba\" \/>\n<meta property=\"og:description\" content=\"Het Comit\u00e9 Ol\u00edmpico Arubano heeft in het kader van zijn technisch-sportieve overleg vergaderd met de Federaci\u00f3n Gymnastico Arubano. Daarbij stonden de trainingsplanning voor 2026 en de mogelijke deelname van turnsters aan wedstrijden binnen de olympische cyclus centraal.\" \/>\n<meta property=\"og:url\" content=\"https:\/\/amigoearuba.com\/?p=13416\" \/>\n<meta property=\"og:site_name\" content=\"Amigoe Aruba\" \/>\n<meta property=\"article:published_time\" content=\"2026-02-02T16:06:30+00:00\" \/>\n<meta property=\"article:modified_time\" content=\"2026-04-25T19:11:03+00:00\" \/>\n<meta property=\"og:image\" content=\"https:\/\/amigoearuba.com\/wp-content\/uploads\/2026\/04\/55063753422_56f276008d_k.jpg\" \/>\n\t<meta property=\"og:image:width\" content=\"2000\" \/>\n\t<meta property=\"og:image:height\" content=\"1333\" \/>\n\t<meta property=\"og:image:type\" content=\"image\/jpeg\" \/>\n<meta name=\"author\" content=\"Amigoe Aruba\" \/>\n<meta name=\"twitter:card\" content=\"summary_large_image\" \/>\n<meta name=\"twitter:label1\" content=\"Geschreven door\" \/>\n\t<meta name=\"twitter:data1\" content=\"Amigoe Aruba\" \/>\n\t<meta name=\"twitter:label2\" content=\"Verwachte leestijd\" \/>\n\t<meta name=\"twitter:data2\" content=\"1 minuut\" \/>\n<script type=\"application\/ld+json\" class=\"yoast-schema-graph\">{\"@context\":\"https:\\\/\\\/schema.org\",\"@graph\":[{\"@type\":\"Article\",\"@id\":\"https:\\\/\\\/amigoearuba.com\\\/?p=13416#article\",\"isPartOf\":{\"@id\":\"https:\\\/\\\/amigoearuba.com\\\/?p=13416\"},\"author\":{\"name\":\"Amigoe Aruba\",\"@id\":\"https:\\\/\\\/amigoearuba.com\\\/#\\\/schema\\\/person\\\/bf6efee3e232dd3f7774568893f79bbe\"},\"headline\":\"COA overlegt met Arubaanse gymnastiekfederatie over route naar 2026\",\"datePublished\":\"2026-02-02T16:06:30+00:00\",\"dateModified\":\"2026-04-25T19:11:03+00:00\",\"mainEntityOfPage\":{\"@id\":\"https:\\\/\\\/amigoearuba.com\\\/?p=13416\"},\"wordCount\":195,\"commentCount\":0,\"publisher\":{\"@id\":\"https:\\\/\\\/amigoearuba.com\\\/#organization\"},\"image\":{\"@id\":\"https:\\\/\\\/amigoearuba.com\\\/?p=13416#primaryimage\"},\"thumbnailUrl\":\"https:\\\/\\\/amigoearuba.com\\\/wp-content\\\/uploads\\\/2026\\\/04\\\/55063753422_56f276008d_k.jpg\",\"articleSection\":[\"Sport\"],\"inLanguage\":\"nl-NL\",\"potentialAction\":[{\"@type\":\"CommentAction\",\"name\":\"Comment\",\"target\":[\"https:\\\/\\\/amigoearuba.com\\\/?p=13416#respond\"]}]},{\"@type\":\"WebPage\",\"@id\":\"https:\\\/\\\/amigoearuba.com\\\/?p=13416\",\"url\":\"https:\\\/\\\/amigoearuba.com\\\/?p=13416\",\"name\":\"COA overlegt met Arubaanse gymnastiekfederatie over route naar 2026 - Amigoe Aruba\",\"isPartOf\":{\"@id\":\"https:\\\/\\\/amigoearuba.com\\\/#website\"},\"primaryImageOfPage\":{\"@id\":\"https:\\\/\\\/amigoearuba.com\\\/?p=13416#primaryimage\"},\"image\":{\"@id\":\"https:\\\/\\\/amigoearuba.com\\\/?p=13416#primaryimage\"},\"thumbnailUrl\":\"https:\\\/\\\/amigoearuba.com\\\/wp-content\\\/uploads\\\/2026\\\/04\\\/55063753422_56f276008d_k.jpg\",\"datePublished\":\"2026-02-02T16:06:30+00:00\",\"dateModified\":\"2026-04-25T19:11:03+00:00\",\"breadcrumb\":{\"@id\":\"https:\\\/\\\/amigoearuba.com\\\/?p=13416#breadcrumb\"},\"inLanguage\":\"nl-NL\",\"potentialAction\":[{\"@type\":\"ReadAction\",\"target\":[\"https:\\\/\\\/amigoearuba.com\\\/?p=13416\"]}]},{\"@type\":\"ImageObject\",\"inLanguage\":\"nl-NL\",\"@id\":\"https:\\\/\\\/amigoearuba.com\\\/?p=13416#primaryimage\",\"url\":\"https:\\\/\\\/amigoearuba.com\\\/wp-content\\\/uploads\\\/2026\\\/04\\\/55063753422_56f276008d_k.jpg\",\"contentUrl\":\"https:\\\/\\\/amigoearuba.com\\\/wp-content\\\/uploads\\\/2026\\\/04\\\/55063753422_56f276008d_k.jpg\",\"width\":2000,\"height\":1333},{\"@type\":\"BreadcrumbList\",\"@id\":\"https:\\\/\\\/amigoearuba.com\\\/?p=13416#breadcrumb\",\"itemListElement\":[{\"@type\":\"ListItem\",\"position\":1,\"name\":\"Home\",\"item\":\"https:\\\/\\\/amigoearuba.com\\\/\"},{\"@type\":\"ListItem\",\"position\":2,\"name\":\"COA overlegt met Arubaanse gymnastiekfederatie over route naar 2026\"}]},{\"@type\":\"WebSite\",\"@id\":\"https:\\\/\\\/amigoearuba.com\\\/#website\",\"url\":\"https:\\\/\\\/amigoearuba.com\\\/\",\"name\":\"Amigoe Aruba\",\"description\":\"\",\"publisher\":{\"@id\":\"https:\\\/\\\/amigoearuba.com\\\/#organization\"},\"potentialAction\":[{\"@type\":\"SearchAction\",\"target\":{\"@type\":\"EntryPoint\",\"urlTemplate\":\"https:\\\/\\\/amigoearuba.com\\\/?s={search_term_string}\"},\"query-input\":{\"@type\":\"PropertyValueSpecification\",\"valueRequired\":true,\"valueName\":\"search_term_string\"}}],\"inLanguage\":\"nl-NL\"},{\"@type\":\"Organization\",\"@id\":\"https:\\\/\\\/amigoearuba.com\\\/#organization\",\"name\":\"Amigoe Aruba\",\"url\":\"https:\\\/\\\/amigoearuba.com\\\/\",\"logo\":{\"@type\":\"ImageObject\",\"inLanguage\":\"nl-NL\",\"@id\":\"https:\\\/\\\/amigoearuba.com\\\/#\\\/schema\\\/logo\\\/image\\\/\",\"url\":\"https:\\\/\\\/amigoearuba.com\\\/wp-content\\\/uploads\\\/2025\\\/06\\\/Asset-33amigoe@3x.png\",\"contentUrl\":\"https:\\\/\\\/amigoearuba.com\\\/wp-content\\\/uploads\\\/2025\\\/06\\\/Asset-33amigoe@3x.png\",\"width\":223,\"height\":72,\"caption\":\"Amigoe Aruba\"},\"image\":{\"@id\":\"https:\\\/\\\/amigoearuba.com\\\/#\\\/schema\\\/logo\\\/image\\\/\"}},{\"@type\":\"Person\",\"@id\":\"https:\\\/\\\/amigoearuba.com\\\/#\\\/schema\\\/person\\\/bf6efee3e232dd3f7774568893f79bbe\",\"name\":\"Amigoe Aruba\",\"image\":{\"@type\":\"ImageObject\",\"inLanguage\":\"nl-NL\",\"@id\":\"https:\\\/\\\/secure.gravatar.com\\\/avatar\\\/393414aeb45fea6a12f8d5e0d40843d9b3a5c2919bde6e207590d000a8671b26?s=96&d=mm&r=g\",\"url\":\"https:\\\/\\\/secure.gravatar.com\\\/avatar\\\/393414aeb45fea6a12f8d5e0d40843d9b3a5c2919bde6e207590d000a8671b26?s=96&d=mm&r=g\",\"contentUrl\":\"https:\\\/\\\/secure.gravatar.com\\\/avatar\\\/393414aeb45fea6a12f8d5e0d40843d9b3a5c2919bde6e207590d000a8671b26?s=96&d=mm&r=g\",\"caption\":\"Amigoe Aruba\"},\"sameAs\":[\"https:\\\/\\\/amigoearuba.com\"],\"url\":\"https:\\\/\\\/amigoearuba.com\\\/?author=1\"}]}<\/script>\n<!-- \/ Yoast SEO plugin. -->","yoast_head_json":{"title":"COA overlegt met Arubaanse gymnastiekfederatie over route naar 2026 - Amigoe Aruba","robots":{"index":"index","follow":"follow","max-snippet":"max-snippet:-1","max-image-preview":"max-image-preview:large","max-video-preview":"max-video-preview:-1"},"canonical":"https:\/\/amigoearuba.com\/?p=13416","og_locale":"nl_NL","og_type":"article","og_title":"COA overlegt met Arubaanse gymnastiekfederatie over route naar 2026 - Amigoe Aruba","og_description":"Het Comit\u00e9 Ol\u00edmpico Arubano heeft in het kader van zijn technisch-sportieve overleg vergaderd met de Federaci\u00f3n Gymnastico Arubano. Daarbij stonden de trainingsplanning voor 2026 en de mogelijke deelname van turnsters aan wedstrijden binnen de olympische cyclus centraal.","og_url":"https:\/\/amigoearuba.com\/?p=13416","og_site_name":"Amigoe Aruba","article_published_time":"2026-02-02T16:06:30+00:00","article_modified_time":"2026-04-25T19:11:03+00:00","og_image":[{"width":2000,"height":1333,"url":"https:\/\/amigoearuba.com\/wp-content\/uploads\/2026\/04\/55063753422_56f276008d_k.jpg","type":"image\/jpeg"}],"author":"Amigoe Aruba","twitter_card":"summary_large_image","twitter_misc":{"Geschreven door":"Amigoe Aruba","Verwachte leestijd":"1 minuut"},"schema":{"@context":"https:\/\/schema.org","@graph":[{"@type":"Article","@id":"https:\/\/amigoearuba.com\/?p=13416#article","isPartOf":{"@id":"https:\/\/amigoearuba.com\/?p=13416"},"author":{"name":"Amigoe Aruba","@id":"https:\/\/amigoearuba.com\/#\/schema\/person\/bf6efee3e232dd3f7774568893f79bbe"},"headline":"COA overlegt met Arubaanse gymnastiekfederatie over route naar 2026","datePublished":"2026-02-02T16:06:30+00:00","dateModified":"2026-04-25T19:11:03+00:00","mainEntityOfPage":{"@id":"https:\/\/amigoearuba.com\/?p=13416"},"wordCount":195,"commentCount":0,"publisher":{"@id":"https:\/\/amigoearuba.com\/#organization"},"image":{"@id":"https:\/\/amigoearuba.com\/?p=13416#primaryimage"},"thumbnailUrl":"https:\/\/amigoearuba.com\/wp-content\/uploads\/2026\/04\/55063753422_56f276008d_k.jpg","articleSection":["Sport"],"inLanguage":"nl-NL","potentialAction":[{"@type":"CommentAction","name":"Comment","target":["https:\/\/amigoearuba.com\/?p=13416#respond"]}]},{"@type":"WebPage","@id":"https:\/\/amigoearuba.com\/?p=13416","url":"https:\/\/amigoearuba.com\/?p=13416","name":"COA overlegt met Arubaanse gymnastiekfederatie over route naar 2026 - Amigoe Aruba","isPartOf":{"@id":"https:\/\/amigoearuba.com\/#website"},"primaryImageOfPage":{"@id":"https:\/\/amigoearuba.com\/?p=13416#primaryimage"},"image":{"@id":"https:\/\/amigoearuba.com\/?p=13416#primaryimage"},"thumbnailUrl":"https:\/\/amigoearuba.com\/wp-content\/uploads\/2026\/04\/55063753422_56f276008d_k.jpg","datePublished":"2026-02-02T16:06:30+00:00","dateModified":"2026-04-25T19:11:03+00:00","breadcrumb":{"@id":"https:\/\/amigoearuba.com\/?p=13416#breadcrumb"},"inLanguage":"nl-NL","potentialAction":[{"@type":"ReadAction","target":["https:\/\/amigoearuba.com\/?p=13416"]}]},{"@type":"ImageObject","inLanguage":"nl-NL","@id":"https:\/\/amigoearuba.com\/?p=13416#primaryimage","url":"https:\/\/amigoearuba.com\/wp-content\/uploads\/2026\/04\/55063753422_56f276008d_k.jpg","contentUrl":"https:\/\/amigoearuba.com\/wp-content\/uploads\/2026\/04\/55063753422_56f276008d_k.jpg","width":2000,"height":1333},{"@type":"BreadcrumbList","@id":"https:\/\/amigoearuba.com\/?p=13416#breadcrumb","itemListElement":[{"@type":"ListItem","position":1,"name":"Home","item":"https:\/\/amigoearuba.com\/"},{"@type":"ListItem","position":2,"name":"COA overlegt met Arubaanse gymnastiekfederatie over route naar 2026"}]},{"@type":"WebSite","@id":"https:\/\/amigoearuba.com\/#website","url":"https:\/\/amigoearuba.com\/","name":"Amigoe Aruba","description":"","publisher":{"@id":"https:\/\/amigoearuba.com\/#organization"},"potentialAction":[{"@type":"SearchAction","target":{"@type":"EntryPoint","urlTemplate":"https:\/\/amigoearuba.com\/?s={search_term_string}"},"query-input":{"@type":"PropertyValueSpecification","valueRequired":true,"valueName":"search_term_string"}}],"inLanguage":"nl-NL"},{"@type":"Organization","@id":"https:\/\/amigoearuba.com\/#organization","name":"Amigoe Aruba","url":"https:\/\/amigoearuba.com\/","logo":{"@type":"ImageObject","inLanguage":"nl-NL","@id":"https:\/\/amigoearuba.com\/#\/schema\/logo\/image\/","url":"https:\/\/amigoearuba.com\/wp-content\/uploads\/2025\/06\/Asset-33amigoe@3x.png","contentUrl":"https:\/\/amigoearuba.com\/wp-content\/uploads\/2025\/06\/Asset-33amigoe@3x.png","width":223,"height":72,"caption":"Amigoe Aruba"},"image":{"@id":"https:\/\/amigoearuba.com\/#\/schema\/logo\/image\/"}},{"@type":"Person","@id":"https:\/\/amigoearuba.com\/#\/schema\/person\/bf6efee3e232dd3f7774568893f79bbe","name":"Amigoe Aruba","image":{"@type":"ImageObject","inLanguage":"nl-NL","@id":"https:\/\/secure.gravatar.com\/avatar\/393414aeb45fea6a12f8d5e0d40843d9b3a5c2919bde6e207590d000a8671b26?s=96&d=mm&r=g","url":"https:\/\/secure.gravatar.com\/avatar\/393414aeb45fea6a12f8d5e0d40843d9b3a5c2919bde6e207590d000a8671b26?s=96&d=mm&r=g","contentUrl":"https:\/\/secure.gravatar.com\/avatar\/393414aeb45fea6a12f8d5e0d40843d9b3a5c2919bde6e207590d000a8671b26?s=96&d=mm&r=g","caption":"Amigoe Aruba"},"sameAs":["https:\/\/amigoearuba.com"],"url":"https:\/\/amigoearuba.com\/?author=1"}]}},"jetpack_featured_media_url":"https:\/\/amigoearuba.com\/wp-content\/uploads\/2026\/04\/55063753422_56f276008d_k.jpg","uagb_featured_image_src":{"full":["https:\/\/amigoearuba.com\/wp-content\/uploads\/2026\/04\/55063753422_56f276008d_k.jpg",2000,1333,false],"thumbnail":["https:\/\/amigoearuba.com\/wp-content\/uploads\/2026\/04\/55063753422_56f276008d_k-150x150.jpg",150,150,true],"medium":["https:\/\/amigoearuba.com\/wp-content\/uploads\/2026\/04\/55063753422_56f276008d_k-300x200.jpg",300,200,true],"medium_large":["https:\/\/amigoearuba.com\/wp-content\/uploads\/2026\/04\/55063753422_56f276008d_k-768x512.jpg",696,464,true],"large":["https:\/\/amigoearuba.com\/wp-content\/uploads\/2026\/04\/55063753422_56f276008d_k-1024x682.jpg",696,464,true],"1536x1536":["https:\/\/amigoearuba.com\/wp-content\/uploads\/2026\/04\/55063753422_56f276008d_k-1536x1024.jpg",1536,1024,true],"2048x2048":["https:\/\/amigoearuba.com\/wp-content\/uploads\/2026\/04\/55063753422_56f276008d_k.jpg",2000,1333,false],"td_0x420":["https:\/\/amigoearuba.com\/wp-content\/uploads\/2026\/04\/55063753422_56f276008d_k-630x420.jpg",630,420,true],"td_80x60":["https:\/\/amigoearuba.com\/wp-content\/uploads\/2026\/04\/55063753422_56f276008d_k-80x60.jpg",80,60,true],"td_150x0":["https:\/\/amigoearuba.com\/wp-content\/uploads\/2026\/04\/55063753422_56f276008d_k-150x100.jpg",150,100,true],"td_218x150":["https:\/\/amigoearuba.com\/wp-content\/uploads\/2026\/04\/55063753422_56f276008d_k-218x150.jpg",218,150,true],"td_300x0":["https:\/\/amigoearuba.com\/wp-content\/uploads\/2026\/04\/55063753422_56f276008d_k-300x200.jpg",300,200,true],"td_324x400":["https:\/\/amigoearuba.com\/wp-content\/uploads\/2026\/04\/55063753422_56f276008d_k-324x400.jpg",324,400,true],"td_485x360":["https:\/\/amigoearuba.com\/wp-content\/uploads\/2026\/04\/55063753422_56f276008d_k-485x360.jpg",485,360,true],"td_696x0":["https:\/\/amigoearuba.com\/wp-content\/uploads\/2026\/04\/55063753422_56f276008d_k-696x464.jpg",696,464,true],"td_1068x0":["https:\/\/amigoearuba.com\/wp-content\/uploads\/2026\/04\/55063753422_56f276008d_k-1068x712.jpg",1068,712,true],"td_1920x0":["https:\/\/amigoearuba.com\/wp-content\/uploads\/2026\/04\/55063753422_56f276008d_k-1920x1280.jpg",1920,1280,true],"td_265x198":["https:\/\/amigoearuba.com\/wp-content\/uploads\/2026\/04\/55063753422_56f276008d_k-265x198.jpg",265,198,true],"td_741x486":["https:\/\/amigoearuba.com\/wp-content\/uploads\/2026\/04\/55063753422_56f276008d_k-741x486.jpg",741,486,true]},"uagb_author_info":{"display_name":"Amigoe Aruba","author_link":"https:\/\/amigoearuba.com\/?author=1"},"uagb_comment_info":0,"uagb_excerpt":"Het Comit\u00e9 Ol\u00edmpico Arubano heeft in het kader van zijn technisch-sportieve overleg vergaderd met de Federaci\u00f3n Gymnastico Arubano. Daarbij stonden de trainingsplanning voor 2026 en de mogelijke deelname van turnsters aan wedstrijden binnen de olympische cyclus centraal.","amp_enabled":true,"_links":{"self":[{"href":"https:\/\/amigoearuba.com\/index.php?rest_route=\/wp\/v2\/posts\/13416","targetHints":{"allow":["GET"]}}],"collection":[{"href":"https:\/\/amigoearuba.com\/index.php?rest_route=\/wp\/v2\/posts"}],"about":[{"href":"https:\/\/amigoearuba.com\/index.php?rest_route=\/wp\/v2\/types\/post"}],"author":[{"embeddable":true,"href":"https:\/\/amigoearuba.com\/index.php?rest_route=\/wp\/v2\/users\/1"}],"replies":[{"embeddable":true,"href":"https:\/\/amigoearuba.com\/index.php?rest_route=%2Fwp%2Fv2%2Fcomments&post=13416"}],"version-history":[{"count":1,"href":"https:\/\/amigoearuba.com\/index.php?rest_route=\/wp\/v2\/posts\/13416\/revisions"}],"predecessor-version":[{"id":13417,"href":"https:\/\/amigoearuba.com\/index.php?rest_route=\/wp\/v2\/posts\/13416\/revisions\/13417"}],"wp:featuredmedia":[{"embeddable":true,"href":"https:\/\/amigoearuba.com\/index.php?rest_route=\/wp\/v2\/media\/13415"}],"wp:attachment":[{"href":"https:\/\/amigoearuba.com\/index.php?rest_route=%2Fwp%2Fv2%2Fmedia&parent=13416"}],"wp:term":[{"taxonomy":"category","embeddable":true,"href":"https:\/\/amigoearuba.com\/index.php?rest_route=%2Fwp%2Fv2%2Fcategories&post=13416"},{"taxonomy":"post_tag","embeddable":true,"href":"https:\/\/amigoearuba.com\/index.php?rest_route=%2Fwp%2Fv2%2Ftags&post=13416"}],"curies":[{"name":"wp","href":"https:\/\/api.w.org\/{rel}","templated":true}]}}