{"id":12552,"date":"2025-11-28T09:04:14","date_gmt":"2025-11-28T13:04:14","guid":{"rendered":"https:\/\/amigoearuba.com\/?p=12552"},"modified":"2026-04-25T00:06:10","modified_gmt":"2026-04-25T04:06:10","slug":"mep-stelt-vragen-over-vermeende-privevlucht-van-minister-gerlien-croes-naar-curacao","status":"publish","type":"post","link":"https:\/\/amigoearuba.com\/?p=12552","title":{"rendered":"MEP stelt vragen over vermeende priv\u00e9vlucht van minister Gerlien Croes naar Cura\u00e7ao"},"content":{"rendered":"<p>ORANJESTAD \u2014 Parlementari\u00ebr Xiomara Maduro van MEP heeft kritiek geuit op minister Gerlien Croes over een recente reis naar Cura\u00e7ao. Volgens Maduro heeft de minister onvoldoende informatie verstrekt over de omstandigheden van die dienstreis, waarbij volgens de oppositie gebruik zou zijn gemaakt van een priv\u00e9vliegtuig.<\/p>\n<p>Aanleiding voor de kritiek is een live-uitzending op Facebook waarin Croes aankondigde naar Cura\u00e7ao te reizen voor een ontmoeting met het winnende Cura\u00e7aose voetbalteam. Volgens Maduro reisde de minister daarbij niet met een commerci\u00eble vlucht, wat bij dienstreizen gebruikelijk zou zijn, maar met een priv\u00e9vliegtuig.<\/p>\n<p>De oppositie heeft hierover vragen gesteld en om opheldering gevraagd. Maduro stelt dat reizen van ministers met een priv\u00e9vliegtuig strijdig kunnen zijn met beginselen van goed bestuur. Na eerdere kritiek zou Croes documentatie aan het parlement hebben gestuurd over de reis.<\/p>\n<p>Volgens Maduro is die informatie echter niet volledig. Zij zegt dat wel een overzicht van kosten en facturen is overgelegd, maar dat daarin geen duidelijke toelichting wordt gegeven op de reden voor het gebruik van een priv\u00e9vliegtuig, de totale kosten van de vlucht en wie die kosten heeft gedragen.<\/p>\n<p>De MEP-politica stelt dat het uitblijven van volledige openheid vragen oproept over de rechtmatigheid, integriteit en bestuurlijke zorgvuldigheid rond de reis. Zij verwijt de minister dat zij wel spreekt over transparantie, maar volgens de oppositie geen volledig inzicht geeft in haar handelen.<\/p>\n<p>Het betreft een politieke verklaring van MEP. Een reactie van minister Gerlien Croes was in de aangeleverde verklaring niet opgenomen.<\/p>\n","protected":false},"excerpt":{"rendered":"<p>Parlementari\u00ebr Xiomara Maduro (MEP) zegt dat minister Gerlien Croes onvoldoende openheid geeft over een reis naar Cura\u00e7ao, waarbij volgens de oppositie gebruik zou zijn gemaakt van een priv\u00e9vliegtuig.<\/p>\n","protected":false},"author":1,"featured_media":12551,"comment_status":"open","ping_status":"open","sticky":false,"template":"","format":"standard","meta":{"_uag_custom_page_level_css":"","tdm_status":"","tdm_grid_status":"","footnotes":""},"categories":[156],"tags":[],"class_list":{"0":"post-12552","1":"post","2":"type-post","3":"status-publish","4":"format-standard","5":"has-post-thumbnail","7":"category-politiek"},"yoast_head":"<!-- This site is optimized with the Yoast SEO plugin v27.3 - https:\/\/yoast.com\/product\/yoast-seo-wordpress\/ -->\n<title>MEP stelt vragen over vermeende priv\u00e9vlucht van minister Gerlien Croes naar Cura\u00e7ao - Amigoe Aruba<\/title>\n<meta name=\"robots\" content=\"index, follow, max-snippet:-1, max-image-preview:large, max-video-preview:-1\" \/>\n<link rel=\"canonical\" href=\"https:\/\/amigoearuba.com\/?p=12552\" \/>\n<meta property=\"og:locale\" content=\"nl_NL\" \/>\n<meta property=\"og:type\" content=\"article\" \/>\n<meta property=\"og:title\" content=\"MEP stelt vragen over vermeende priv\u00e9vlucht van minister Gerlien Croes naar Cura\u00e7ao - Amigoe Aruba\" \/>\n<meta property=\"og:description\" content=\"Parlementari\u00ebr Xiomara Maduro (MEP) zegt dat minister Gerlien Croes onvoldoende openheid geeft over een reis naar Cura\u00e7ao, waarbij volgens de oppositie gebruik zou zijn gemaakt van een priv\u00e9vliegtuig.\" \/>\n<meta property=\"og:url\" content=\"https:\/\/amigoearuba.com\/?p=12552\" \/>\n<meta property=\"og:site_name\" content=\"Amigoe Aruba\" \/>\n<meta property=\"article:published_time\" content=\"2025-11-28T13:04:14+00:00\" \/>\n<meta property=\"article:modified_time\" content=\"2026-04-25T04:06:10+00:00\" \/>\n<meta property=\"og:image\" content=\"https:\/\/amigoearuba.com\/wp-content\/uploads\/2026\/04\/PRLAMENTO_13_NOV-84-scaled.jpeg\" \/>\n\t<meta property=\"og:image:width\" content=\"2560\" \/>\n\t<meta property=\"og:image:height\" content=\"2421\" \/>\n\t<meta property=\"og:image:type\" content=\"image\/jpeg\" \/>\n<meta name=\"author\" content=\"Amigoe Aruba\" \/>\n<meta name=\"twitter:card\" content=\"summary_large_image\" \/>\n<meta name=\"twitter:label1\" content=\"Geschreven door\" \/>\n\t<meta name=\"twitter:data1\" content=\"Amigoe Aruba\" \/>\n\t<meta name=\"twitter:label2\" content=\"Verwachte leestijd\" \/>\n\t<meta name=\"twitter:data2\" content=\"1 minuut\" \/>\n<script type=\"application\/ld+json\" class=\"yoast-schema-graph\">{\"@context\":\"https:\\\/\\\/schema.org\",\"@graph\":[{\"@type\":\"Article\",\"@id\":\"https:\\\/\\\/amigoearuba.com\\\/?p=12552#article\",\"isPartOf\":{\"@id\":\"https:\\\/\\\/amigoearuba.com\\\/?p=12552\"},\"author\":{\"name\":\"Amigoe Aruba\",\"@id\":\"https:\\\/\\\/amigoearuba.com\\\/#\\\/schema\\\/person\\\/bf6efee3e232dd3f7774568893f79bbe\"},\"headline\":\"MEP stelt vragen over vermeende priv\u00e9vlucht van minister Gerlien Croes naar Cura\u00e7ao\",\"datePublished\":\"2025-11-28T13:04:14+00:00\",\"dateModified\":\"2026-04-25T04:06:10+00:00\",\"mainEntityOfPage\":{\"@id\":\"https:\\\/\\\/amigoearuba.com\\\/?p=12552\"},\"wordCount\":264,\"commentCount\":0,\"publisher\":{\"@id\":\"https:\\\/\\\/amigoearuba.com\\\/#organization\"},\"image\":{\"@id\":\"https:\\\/\\\/amigoearuba.com\\\/?p=12552#primaryimage\"},\"thumbnailUrl\":\"https:\\\/\\\/amigoearuba.com\\\/wp-content\\\/uploads\\\/2026\\\/04\\\/PRLAMENTO_13_NOV-84-scaled.jpeg\",\"articleSection\":[\"Politiek\"],\"inLanguage\":\"nl-NL\",\"potentialAction\":[{\"@type\":\"CommentAction\",\"name\":\"Comment\",\"target\":[\"https:\\\/\\\/amigoearuba.com\\\/?p=12552#respond\"]}]},{\"@type\":\"WebPage\",\"@id\":\"https:\\\/\\\/amigoearuba.com\\\/?p=12552\",\"url\":\"https:\\\/\\\/amigoearuba.com\\\/?p=12552\",\"name\":\"MEP stelt vragen over vermeende priv\u00e9vlucht van minister Gerlien Croes naar Cura\u00e7ao - Amigoe Aruba\",\"isPartOf\":{\"@id\":\"https:\\\/\\\/amigoearuba.com\\\/#website\"},\"primaryImageOfPage\":{\"@id\":\"https:\\\/\\\/amigoearuba.com\\\/?p=12552#primaryimage\"},\"image\":{\"@id\":\"https:\\\/\\\/amigoearuba.com\\\/?p=12552#primaryimage\"},\"thumbnailUrl\":\"https:\\\/\\\/amigoearuba.com\\\/wp-content\\\/uploads\\\/2026\\\/04\\\/PRLAMENTO_13_NOV-84-scaled.jpeg\",\"datePublished\":\"2025-11-28T13:04:14+00:00\",\"dateModified\":\"2026-04-25T04:06:10+00:00\",\"breadcrumb\":{\"@id\":\"https:\\\/\\\/amigoearuba.com\\\/?p=12552#breadcrumb\"},\"inLanguage\":\"nl-NL\",\"potentialAction\":[{\"@type\":\"ReadAction\",\"target\":[\"https:\\\/\\\/amigoearuba.com\\\/?p=12552\"]}]},{\"@type\":\"ImageObject\",\"inLanguage\":\"nl-NL\",\"@id\":\"https:\\\/\\\/amigoearuba.com\\\/?p=12552#primaryimage\",\"url\":\"https:\\\/\\\/amigoearuba.com\\\/wp-content\\\/uploads\\\/2026\\\/04\\\/PRLAMENTO_13_NOV-84-scaled.jpeg\",\"contentUrl\":\"https:\\\/\\\/amigoearuba.com\\\/wp-content\\\/uploads\\\/2026\\\/04\\\/PRLAMENTO_13_NOV-84-scaled.jpeg\",\"width\":2560,\"height\":2421},{\"@type\":\"BreadcrumbList\",\"@id\":\"https:\\\/\\\/amigoearuba.com\\\/?p=12552#breadcrumb\",\"itemListElement\":[{\"@type\":\"ListItem\",\"position\":1,\"name\":\"Home\",\"item\":\"https:\\\/\\\/amigoearuba.com\\\/\"},{\"@type\":\"ListItem\",\"position\":2,\"name\":\"MEP stelt vragen over vermeende priv\u00e9vlucht van minister Gerlien Croes naar Cura\u00e7ao\"}]},{\"@type\":\"WebSite\",\"@id\":\"https:\\\/\\\/amigoearuba.com\\\/#website\",\"url\":\"https:\\\/\\\/amigoearuba.com\\\/\",\"name\":\"Amigoe Aruba\",\"description\":\"\",\"publisher\":{\"@id\":\"https:\\\/\\\/amigoearuba.com\\\/#organization\"},\"potentialAction\":[{\"@type\":\"SearchAction\",\"target\":{\"@type\":\"EntryPoint\",\"urlTemplate\":\"https:\\\/\\\/amigoearuba.com\\\/?s={search_term_string}\"},\"query-input\":{\"@type\":\"PropertyValueSpecification\",\"valueRequired\":true,\"valueName\":\"search_term_string\"}}],\"inLanguage\":\"nl-NL\"},{\"@type\":\"Organization\",\"@id\":\"https:\\\/\\\/amigoearuba.com\\\/#organization\",\"name\":\"Amigoe Aruba\",\"url\":\"https:\\\/\\\/amigoearuba.com\\\/\",\"logo\":{\"@type\":\"ImageObject\",\"inLanguage\":\"nl-NL\",\"@id\":\"https:\\\/\\\/amigoearuba.com\\\/#\\\/schema\\\/logo\\\/image\\\/\",\"url\":\"https:\\\/\\\/amigoearuba.com\\\/wp-content\\\/uploads\\\/2025\\\/06\\\/Asset-33amigoe@3x.png\",\"contentUrl\":\"https:\\\/\\\/amigoearuba.com\\\/wp-content\\\/uploads\\\/2025\\\/06\\\/Asset-33amigoe@3x.png\",\"width\":223,\"height\":72,\"caption\":\"Amigoe Aruba\"},\"image\":{\"@id\":\"https:\\\/\\\/amigoearuba.com\\\/#\\\/schema\\\/logo\\\/image\\\/\"}},{\"@type\":\"Person\",\"@id\":\"https:\\\/\\\/amigoearuba.com\\\/#\\\/schema\\\/person\\\/bf6efee3e232dd3f7774568893f79bbe\",\"name\":\"Amigoe Aruba\",\"image\":{\"@type\":\"ImageObject\",\"inLanguage\":\"nl-NL\",\"@id\":\"https:\\\/\\\/secure.gravatar.com\\\/avatar\\\/393414aeb45fea6a12f8d5e0d40843d9b3a5c2919bde6e207590d000a8671b26?s=96&d=mm&r=g\",\"url\":\"https:\\\/\\\/secure.gravatar.com\\\/avatar\\\/393414aeb45fea6a12f8d5e0d40843d9b3a5c2919bde6e207590d000a8671b26?s=96&d=mm&r=g\",\"contentUrl\":\"https:\\\/\\\/secure.gravatar.com\\\/avatar\\\/393414aeb45fea6a12f8d5e0d40843d9b3a5c2919bde6e207590d000a8671b26?s=96&d=mm&r=g\",\"caption\":\"Amigoe Aruba\"},\"sameAs\":[\"https:\\\/\\\/amigoearuba.com\"],\"url\":\"https:\\\/\\\/amigoearuba.com\\\/?author=1\"}]}<\/script>\n<!-- \/ Yoast SEO plugin. -->","yoast_head_json":{"title":"MEP stelt vragen over vermeende priv\u00e9vlucht van minister Gerlien Croes naar Cura\u00e7ao - Amigoe Aruba","robots":{"index":"index","follow":"follow","max-snippet":"max-snippet:-1","max-image-preview":"max-image-preview:large","max-video-preview":"max-video-preview:-1"},"canonical":"https:\/\/amigoearuba.com\/?p=12552","og_locale":"nl_NL","og_type":"article","og_title":"MEP stelt vragen over vermeende priv\u00e9vlucht van minister Gerlien Croes naar Cura\u00e7ao - Amigoe Aruba","og_description":"Parlementari\u00ebr Xiomara Maduro (MEP) zegt dat minister Gerlien Croes onvoldoende openheid geeft over een reis naar Cura\u00e7ao, waarbij volgens de oppositie gebruik zou zijn gemaakt van een priv\u00e9vliegtuig.","og_url":"https:\/\/amigoearuba.com\/?p=12552","og_site_name":"Amigoe Aruba","article_published_time":"2025-11-28T13:04:14+00:00","article_modified_time":"2026-04-25T04:06:10+00:00","og_image":[{"width":2560,"height":2421,"url":"https:\/\/amigoearuba.com\/wp-content\/uploads\/2026\/04\/PRLAMENTO_13_NOV-84-scaled.jpeg","type":"image\/jpeg"}],"author":"Amigoe Aruba","twitter_card":"summary_large_image","twitter_misc":{"Geschreven door":"Amigoe Aruba","Verwachte leestijd":"1 minuut"},"schema":{"@context":"https:\/\/schema.org","@graph":[{"@type":"Article","@id":"https:\/\/amigoearuba.com\/?p=12552#article","isPartOf":{"@id":"https:\/\/amigoearuba.com\/?p=12552"},"author":{"name":"Amigoe Aruba","@id":"https:\/\/amigoearuba.com\/#\/schema\/person\/bf6efee3e232dd3f7774568893f79bbe"},"headline":"MEP stelt vragen over vermeende priv\u00e9vlucht van minister Gerlien Croes naar Cura\u00e7ao","datePublished":"2025-11-28T13:04:14+00:00","dateModified":"2026-04-25T04:06:10+00:00","mainEntityOfPage":{"@id":"https:\/\/amigoearuba.com\/?p=12552"},"wordCount":264,"commentCount":0,"publisher":{"@id":"https:\/\/amigoearuba.com\/#organization"},"image":{"@id":"https:\/\/amigoearuba.com\/?p=12552#primaryimage"},"thumbnailUrl":"https:\/\/amigoearuba.com\/wp-content\/uploads\/2026\/04\/PRLAMENTO_13_NOV-84-scaled.jpeg","articleSection":["Politiek"],"inLanguage":"nl-NL","potentialAction":[{"@type":"CommentAction","name":"Comment","target":["https:\/\/amigoearuba.com\/?p=12552#respond"]}]},{"@type":"WebPage","@id":"https:\/\/amigoearuba.com\/?p=12552","url":"https:\/\/amigoearuba.com\/?p=12552","name":"MEP stelt vragen over vermeende priv\u00e9vlucht van minister Gerlien Croes naar Cura\u00e7ao - Amigoe Aruba","isPartOf":{"@id":"https:\/\/amigoearuba.com\/#website"},"primaryImageOfPage":{"@id":"https:\/\/amigoearuba.com\/?p=12552#primaryimage"},"image":{"@id":"https:\/\/amigoearuba.com\/?p=12552#primaryimage"},"thumbnailUrl":"https:\/\/amigoearuba.com\/wp-content\/uploads\/2026\/04\/PRLAMENTO_13_NOV-84-scaled.jpeg","datePublished":"2025-11-28T13:04:14+00:00","dateModified":"2026-04-25T04:06:10+00:00","breadcrumb":{"@id":"https:\/\/amigoearuba.com\/?p=12552#breadcrumb"},"inLanguage":"nl-NL","potentialAction":[{"@type":"ReadAction","target":["https:\/\/amigoearuba.com\/?p=12552"]}]},{"@type":"ImageObject","inLanguage":"nl-NL","@id":"https:\/\/amigoearuba.com\/?p=12552#primaryimage","url":"https:\/\/amigoearuba.com\/wp-content\/uploads\/2026\/04\/PRLAMENTO_13_NOV-84-scaled.jpeg","contentUrl":"https:\/\/amigoearuba.com\/wp-content\/uploads\/2026\/04\/PRLAMENTO_13_NOV-84-scaled.jpeg","width":2560,"height":2421},{"@type":"BreadcrumbList","@id":"https:\/\/amigoearuba.com\/?p=12552#breadcrumb","itemListElement":[{"@type":"ListItem","position":1,"name":"Home","item":"https:\/\/amigoearuba.com\/"},{"@type":"ListItem","position":2,"name":"MEP stelt vragen over vermeende priv\u00e9vlucht van minister Gerlien Croes naar Cura\u00e7ao"}]},{"@type":"WebSite","@id":"https:\/\/amigoearuba.com\/#website","url":"https:\/\/amigoearuba.com\/","name":"Amigoe Aruba","description":"","publisher":{"@id":"https:\/\/amigoearuba.com\/#organization"},"potentialAction":[{"@type":"SearchAction","target":{"@type":"EntryPoint","urlTemplate":"https:\/\/amigoearuba.com\/?s={search_term_string}"},"query-input":{"@type":"PropertyValueSpecification","valueRequired":true,"valueName":"search_term_string"}}],"inLanguage":"nl-NL"},{"@type":"Organization","@id":"https:\/\/amigoearuba.com\/#organization","name":"Amigoe Aruba","url":"https:\/\/amigoearuba.com\/","logo":{"@type":"ImageObject","inLanguage":"nl-NL","@id":"https:\/\/amigoearuba.com\/#\/schema\/logo\/image\/","url":"https:\/\/amigoearuba.com\/wp-content\/uploads\/2025\/06\/Asset-33amigoe@3x.png","contentUrl":"https:\/\/amigoearuba.com\/wp-content\/uploads\/2025\/06\/Asset-33amigoe@3x.png","width":223,"height":72,"caption":"Amigoe Aruba"},"image":{"@id":"https:\/\/amigoearuba.com\/#\/schema\/logo\/image\/"}},{"@type":"Person","@id":"https:\/\/amigoearuba.com\/#\/schema\/person\/bf6efee3e232dd3f7774568893f79bbe","name":"Amigoe Aruba","image":{"@type":"ImageObject","inLanguage":"nl-NL","@id":"https:\/\/secure.gravatar.com\/avatar\/393414aeb45fea6a12f8d5e0d40843d9b3a5c2919bde6e207590d000a8671b26?s=96&d=mm&r=g","url":"https:\/\/secure.gravatar.com\/avatar\/393414aeb45fea6a12f8d5e0d40843d9b3a5c2919bde6e207590d000a8671b26?s=96&d=mm&r=g","contentUrl":"https:\/\/secure.gravatar.com\/avatar\/393414aeb45fea6a12f8d5e0d40843d9b3a5c2919bde6e207590d000a8671b26?s=96&d=mm&r=g","caption":"Amigoe Aruba"},"sameAs":["https:\/\/amigoearuba.com"],"url":"https:\/\/amigoearuba.com\/?author=1"}]}},"jetpack_featured_media_url":"https:\/\/amigoearuba.com\/wp-content\/uploads\/2026\/04\/PRLAMENTO_13_NOV-84-scaled.jpeg","uagb_featured_image_src":{"full":["https:\/\/amigoearuba.com\/wp-content\/uploads\/2026\/04\/PRLAMENTO_13_NOV-84-scaled.jpeg",2560,2421,false],"thumbnail":["https:\/\/amigoearuba.com\/wp-content\/uploads\/2026\/04\/PRLAMENTO_13_NOV-84-150x150.jpeg",150,150,true],"medium":["https:\/\/amigoearuba.com\/wp-content\/uploads\/2026\/04\/PRLAMENTO_13_NOV-84-300x284.jpeg",300,284,true],"medium_large":["https:\/\/amigoearuba.com\/wp-content\/uploads\/2026\/04\/PRLAMENTO_13_NOV-84-768x726.jpeg",696,658,true],"large":["https:\/\/amigoearuba.com\/wp-content\/uploads\/2026\/04\/PRLAMENTO_13_NOV-84-1024x968.jpeg",696,658,true],"1536x1536":["https:\/\/amigoearuba.com\/wp-content\/uploads\/2026\/04\/PRLAMENTO_13_NOV-84-1536x1452.jpeg",1536,1452,true],"2048x2048":["https:\/\/amigoearuba.com\/wp-content\/uploads\/2026\/04\/PRLAMENTO_13_NOV-84-2048x1937.jpeg",2048,1937,true],"td_0x420":["https:\/\/amigoearuba.com\/wp-content\/uploads\/2026\/04\/PRLAMENTO_13_NOV-84-444x420.jpeg",444,420,true],"td_80x60":["https:\/\/amigoearuba.com\/wp-content\/uploads\/2026\/04\/PRLAMENTO_13_NOV-84-80x60.jpeg",80,60,true],"td_150x0":["https:\/\/amigoearuba.com\/wp-content\/uploads\/2026\/04\/PRLAMENTO_13_NOV-84-150x142.jpeg",150,142,true],"td_218x150":["https:\/\/amigoearuba.com\/wp-content\/uploads\/2026\/04\/PRLAMENTO_13_NOV-84-218x150.jpeg",218,150,true],"td_300x0":["https:\/\/amigoearuba.com\/wp-content\/uploads\/2026\/04\/PRLAMENTO_13_NOV-84-300x284.jpeg",300,284,true],"td_324x400":["https:\/\/amigoearuba.com\/wp-content\/uploads\/2026\/04\/PRLAMENTO_13_NOV-84-324x400.jpeg",324,400,true],"td_485x360":["https:\/\/amigoearuba.com\/wp-content\/uploads\/2026\/04\/PRLAMENTO_13_NOV-84-485x360.jpeg",485,360,true],"td_696x0":["https:\/\/amigoearuba.com\/wp-content\/uploads\/2026\/04\/PRLAMENTO_13_NOV-84-696x658.jpeg",696,658,true],"td_1068x0":["https:\/\/amigoearuba.com\/wp-content\/uploads\/2026\/04\/PRLAMENTO_13_NOV-84-1068x1010.jpeg",1068,1010,true],"td_1920x0":["https:\/\/amigoearuba.com\/wp-content\/uploads\/2026\/04\/PRLAMENTO_13_NOV-84-1920x1816.jpeg",1920,1816,true],"td_265x198":["https:\/\/amigoearuba.com\/wp-content\/uploads\/2026\/04\/PRLAMENTO_13_NOV-84-265x198.jpeg",265,198,true],"td_741x486":["https:\/\/amigoearuba.com\/wp-content\/uploads\/2026\/04\/PRLAMENTO_13_NOV-84-741x486.jpeg",741,486,true]},"uagb_author_info":{"display_name":"Amigoe Aruba","author_link":"https:\/\/amigoearuba.com\/?author=1"},"uagb_comment_info":0,"uagb_excerpt":"Parlementari\u00ebr Xiomara Maduro (MEP) zegt dat minister Gerlien Croes onvoldoende openheid geeft over een reis naar Cura\u00e7ao, waarbij volgens de oppositie gebruik zou zijn gemaakt van een priv\u00e9vliegtuig.","amp_enabled":true,"_links":{"self":[{"href":"https:\/\/amigoearuba.com\/index.php?rest_route=\/wp\/v2\/posts\/12552","targetHints":{"allow":["GET"]}}],"collection":[{"href":"https:\/\/amigoearuba.com\/index.php?rest_route=\/wp\/v2\/posts"}],"about":[{"href":"https:\/\/amigoearuba.com\/index.php?rest_route=\/wp\/v2\/types\/post"}],"author":[{"embeddable":true,"href":"https:\/\/amigoearuba.com\/index.php?rest_route=\/wp\/v2\/users\/1"}],"replies":[{"embeddable":true,"href":"https:\/\/amigoearuba.com\/index.php?rest_route=%2Fwp%2Fv2%2Fcomments&post=12552"}],"version-history":[{"count":1,"href":"https:\/\/amigoearuba.com\/index.php?rest_route=\/wp\/v2\/posts\/12552\/revisions"}],"predecessor-version":[{"id":12553,"href":"https:\/\/amigoearuba.com\/index.php?rest_route=\/wp\/v2\/posts\/12552\/revisions\/12553"}],"wp:featuredmedia":[{"embeddable":true,"href":"https:\/\/amigoearuba.com\/index.php?rest_route=\/wp\/v2\/media\/12551"}],"wp:attachment":[{"href":"https:\/\/amigoearuba.com\/index.php?rest_route=%2Fwp%2Fv2%2Fmedia&parent=12552"}],"wp:term":[{"taxonomy":"category","embeddable":true,"href":"https:\/\/amigoearuba.com\/index.php?rest_route=%2Fwp%2Fv2%2Fcategories&post=12552"},{"taxonomy":"post_tag","embeddable":true,"href":"https:\/\/amigoearuba.com\/index.php?rest_route=%2Fwp%2Fv2%2Ftags&post=12552"}],"curies":[{"name":"wp","href":"https:\/\/api.w.org\/{rel}","templated":true}]}}