{"id":12453,"date":"2025-11-23T22:02:26","date_gmt":"2025-11-24T02:02:26","guid":{"rendered":"https:\/\/amigoearuba.com\/?p=12453"},"modified":"2026-04-24T23:51:40","modified_gmt":"2026-04-25T03:51:40","slug":"arubaanse-kunstenaars-geselecteerd-voor-textieltriennale-in-polen","status":"publish","type":"post","link":"https:\/\/amigoearuba.com\/?p=12453","title":{"rendered":"Arubaanse kunstenaars geselecteerd voor textieltri\u00ebnnale in Polen"},"content":{"rendered":"<p>Het nieuwe multidisciplinaire kunstwerk <em>Biento di Seit<\/em> van de Arubaanse kunstenaars Alydia Wever en Ryan Oduber is geselecteerd voor de 18e Internationale Tri\u00ebnnale voor Textielkunst in \u0141\u00f3d\u017a, Polen. Het werk maakt deel uit van een internationale selectie van 67 kunstwerken en wordt in oktober 2025 gepresenteerd in het Centraal Museum voor Textiel in \u0141\u00f3d\u017a.<\/p>\n<p>De editie van 2025 geldt als bijzonder, omdat de artistieke leiding voor het eerst in handen is van twee vrouwen: kunsthistoricus en hoofdcurator Marta Kowalewska van het museum en onafhankelijk curator en publicist Bukola Oyebode-Westerhuis. Tegelijkertijd viert de tri\u00ebnnale haar 50-jarig bestaan. In een halve eeuw is het evenement uitgegroeid tot een belangrijk internationaal platform voor artistieke uitwisseling en culturele dialoog.<\/p>\n<p>Het curatorthema van dit jaar is <em>Deconstructie \/ Reconstructie<\/em>. Daarmee richt de tri\u00ebnnale zich op maatschappelijke, politieke en culturele veranderingen in de moderne wereld. De organisatie nodigt kunstenaars uit om na te denken over identiteit, normen en waardesystemen, en over de vraag hoe kunst ruimte kan maken voor nieuwe verhalen.<\/p>\n<p>Volgens de organisatie sluit textielkunst daar nauw op aan, omdat textiel niet alleen als materiaal wordt gezien, maar ook als drager van herinnering, herstel en veerkracht. In de geselecteerde werken komen thema\u2019s als sociale ontwrichting, ecologische druk, koloniale erfenissen, gender, kennis en technologie terug.<\/p>\n<p>Tijdens de offici\u00eble opening op 11 oktober 2025 presenteert Alydia Wever de performance <em>Cunucu di Seit<\/em>. Deze performance is ge\u00efnspireerd op Caribische spiritualiteit, migratie en de herinnering aan voorouderlijke grond. De presentatie in het museum wordt ondersteund door een installatie en videokunst, ontwikkeld in samenwerking met beeldend kunstenaar en filmmaker Ryan Oduber. Hij verzorgde onder meer film, fotografie en het mede-ontwerp van het concept. De opnames werden gemaakt in een historische kerk naast het museum, wat volgens de makers de spirituele en rituele dimensie van het werk versterkt.<\/p>\n<p><em>Biento di Seit<\/em> herinterpreteert de koloniale passaatwinden, die in het verleden verbonden waren met de trans-Atlantische slavernij, als een wind van vernieuwing uit het zuiden. Het werk put uit Caribische cosmologie, voorouderlijk geheugen en animistische tradities. Volgens de kunstenaars slaat het een brug tussen idee\u00ebn over de ziel, het lichaam en herinnering, en onderzoekt het hoe waarneming, getuigenis en vergeving kunnen bijdragen aan transformatie.<\/p>\n<p>Met het werk willen Wever en Oduber een gedeelde ruimte verbeelden voor verankering, heling en herori\u00ebntatie, waar geschiedenis, spiritualiteit en toekomstverbeelding samenkomen.<\/p>\n","protected":false},"excerpt":{"rendered":"<p>Het multidisciplinaire kunstwerk \u2018Biento di Seit\u2019 van Alydia Wever en Ryan Oduber is opgenomen in de 18e Internationale Tri\u00ebnnale voor Textielkunst in het Poolse \u0141\u00f3d\u017a. De presentatie vindt plaats in oktober 2025.<\/p>\n","protected":false},"author":1,"featured_media":12452,"comment_status":"open","ping_status":"open","sticky":false,"template":"","format":"standard","meta":{"_uag_custom_page_level_css":"","tdm_status":"","tdm_grid_status":"","footnotes":""},"categories":[175],"tags":[],"class_list":{"0":"post-12453","1":"post","2":"type-post","3":"status-publish","4":"format-standard","5":"has-post-thumbnail","7":"category-cultuur"},"yoast_head":"<!-- This site is optimized with the Yoast SEO plugin v27.3 - https:\/\/yoast.com\/product\/yoast-seo-wordpress\/ -->\n<title>Arubaanse kunstenaars geselecteerd voor textieltri\u00ebnnale in Polen - Amigoe Aruba<\/title>\n<meta name=\"robots\" content=\"index, follow, max-snippet:-1, max-image-preview:large, max-video-preview:-1\" \/>\n<link rel=\"canonical\" href=\"https:\/\/amigoearuba.com\/?p=12453\" \/>\n<meta property=\"og:locale\" content=\"nl_NL\" \/>\n<meta property=\"og:type\" content=\"article\" \/>\n<meta property=\"og:title\" content=\"Arubaanse kunstenaars geselecteerd voor textieltri\u00ebnnale in Polen - Amigoe Aruba\" \/>\n<meta property=\"og:description\" content=\"Het multidisciplinaire kunstwerk \u2018Biento di Seit\u2019 van Alydia Wever en Ryan Oduber is opgenomen in de 18e Internationale Tri\u00ebnnale voor Textielkunst in het Poolse \u0141\u00f3d\u017a. De presentatie vindt plaats in oktober 2025.\" \/>\n<meta property=\"og:url\" content=\"https:\/\/amigoearuba.com\/?p=12453\" \/>\n<meta property=\"og:site_name\" content=\"Amigoe Aruba\" \/>\n<meta property=\"article:published_time\" content=\"2025-11-24T02:02:26+00:00\" \/>\n<meta property=\"article:modified_time\" content=\"2026-04-25T03:51:40+00:00\" \/>\n<meta property=\"og:image\" content=\"https:\/\/amigoearuba.com\/wp-content\/uploads\/2026\/04\/2-Photo_by_Konrad_Ciszkowski-1.jpg\" \/>\n\t<meta property=\"og:image:width\" content=\"2048\" \/>\n\t<meta property=\"og:image:height\" content=\"1536\" \/>\n\t<meta property=\"og:image:type\" content=\"image\/jpeg\" \/>\n<meta name=\"author\" content=\"Amigoe Aruba\" \/>\n<meta name=\"twitter:card\" content=\"summary_large_image\" \/>\n<meta name=\"twitter:label1\" content=\"Geschreven door\" \/>\n\t<meta name=\"twitter:data1\" content=\"Amigoe Aruba\" \/>\n\t<meta name=\"twitter:label2\" content=\"Verwachte leestijd\" \/>\n\t<meta name=\"twitter:data2\" content=\"2 minuten\" \/>\n<script type=\"application\/ld+json\" class=\"yoast-schema-graph\">{\"@context\":\"https:\\\/\\\/schema.org\",\"@graph\":[{\"@type\":\"Article\",\"@id\":\"https:\\\/\\\/amigoearuba.com\\\/?p=12453#article\",\"isPartOf\":{\"@id\":\"https:\\\/\\\/amigoearuba.com\\\/?p=12453\"},\"author\":{\"name\":\"Amigoe Aruba\",\"@id\":\"https:\\\/\\\/amigoearuba.com\\\/#\\\/schema\\\/person\\\/bf6efee3e232dd3f7774568893f79bbe\"},\"headline\":\"Arubaanse kunstenaars geselecteerd voor textieltri\u00ebnnale in Polen\",\"datePublished\":\"2025-11-24T02:02:26+00:00\",\"dateModified\":\"2026-04-25T03:51:40+00:00\",\"mainEntityOfPage\":{\"@id\":\"https:\\\/\\\/amigoearuba.com\\\/?p=12453\"},\"wordCount\":393,\"commentCount\":0,\"publisher\":{\"@id\":\"https:\\\/\\\/amigoearuba.com\\\/#organization\"},\"image\":{\"@id\":\"https:\\\/\\\/amigoearuba.com\\\/?p=12453#primaryimage\"},\"thumbnailUrl\":\"https:\\\/\\\/amigoearuba.com\\\/wp-content\\\/uploads\\\/2026\\\/04\\\/2-Photo_by_Konrad_Ciszkowski-1.jpg\",\"articleSection\":[\"Cultuur\"],\"inLanguage\":\"nl-NL\",\"potentialAction\":[{\"@type\":\"CommentAction\",\"name\":\"Comment\",\"target\":[\"https:\\\/\\\/amigoearuba.com\\\/?p=12453#respond\"]}]},{\"@type\":\"WebPage\",\"@id\":\"https:\\\/\\\/amigoearuba.com\\\/?p=12453\",\"url\":\"https:\\\/\\\/amigoearuba.com\\\/?p=12453\",\"name\":\"Arubaanse kunstenaars geselecteerd voor textieltri\u00ebnnale in Polen - Amigoe Aruba\",\"isPartOf\":{\"@id\":\"https:\\\/\\\/amigoearuba.com\\\/#website\"},\"primaryImageOfPage\":{\"@id\":\"https:\\\/\\\/amigoearuba.com\\\/?p=12453#primaryimage\"},\"image\":{\"@id\":\"https:\\\/\\\/amigoearuba.com\\\/?p=12453#primaryimage\"},\"thumbnailUrl\":\"https:\\\/\\\/amigoearuba.com\\\/wp-content\\\/uploads\\\/2026\\\/04\\\/2-Photo_by_Konrad_Ciszkowski-1.jpg\",\"datePublished\":\"2025-11-24T02:02:26+00:00\",\"dateModified\":\"2026-04-25T03:51:40+00:00\",\"breadcrumb\":{\"@id\":\"https:\\\/\\\/amigoearuba.com\\\/?p=12453#breadcrumb\"},\"inLanguage\":\"nl-NL\",\"potentialAction\":[{\"@type\":\"ReadAction\",\"target\":[\"https:\\\/\\\/amigoearuba.com\\\/?p=12453\"]}]},{\"@type\":\"ImageObject\",\"inLanguage\":\"nl-NL\",\"@id\":\"https:\\\/\\\/amigoearuba.com\\\/?p=12453#primaryimage\",\"url\":\"https:\\\/\\\/amigoearuba.com\\\/wp-content\\\/uploads\\\/2026\\\/04\\\/2-Photo_by_Konrad_Ciszkowski-1.jpg\",\"contentUrl\":\"https:\\\/\\\/amigoearuba.com\\\/wp-content\\\/uploads\\\/2026\\\/04\\\/2-Photo_by_Konrad_Ciszkowski-1.jpg\",\"width\":2048,\"height\":1536},{\"@type\":\"BreadcrumbList\",\"@id\":\"https:\\\/\\\/amigoearuba.com\\\/?p=12453#breadcrumb\",\"itemListElement\":[{\"@type\":\"ListItem\",\"position\":1,\"name\":\"Home\",\"item\":\"https:\\\/\\\/amigoearuba.com\\\/\"},{\"@type\":\"ListItem\",\"position\":2,\"name\":\"Arubaanse kunstenaars geselecteerd voor textieltri\u00ebnnale in Polen\"}]},{\"@type\":\"WebSite\",\"@id\":\"https:\\\/\\\/amigoearuba.com\\\/#website\",\"url\":\"https:\\\/\\\/amigoearuba.com\\\/\",\"name\":\"Amigoe Aruba\",\"description\":\"\",\"publisher\":{\"@id\":\"https:\\\/\\\/amigoearuba.com\\\/#organization\"},\"potentialAction\":[{\"@type\":\"SearchAction\",\"target\":{\"@type\":\"EntryPoint\",\"urlTemplate\":\"https:\\\/\\\/amigoearuba.com\\\/?s={search_term_string}\"},\"query-input\":{\"@type\":\"PropertyValueSpecification\",\"valueRequired\":true,\"valueName\":\"search_term_string\"}}],\"inLanguage\":\"nl-NL\"},{\"@type\":\"Organization\",\"@id\":\"https:\\\/\\\/amigoearuba.com\\\/#organization\",\"name\":\"Amigoe Aruba\",\"url\":\"https:\\\/\\\/amigoearuba.com\\\/\",\"logo\":{\"@type\":\"ImageObject\",\"inLanguage\":\"nl-NL\",\"@id\":\"https:\\\/\\\/amigoearuba.com\\\/#\\\/schema\\\/logo\\\/image\\\/\",\"url\":\"https:\\\/\\\/amigoearuba.com\\\/wp-content\\\/uploads\\\/2025\\\/06\\\/Asset-33amigoe@3x.png\",\"contentUrl\":\"https:\\\/\\\/amigoearuba.com\\\/wp-content\\\/uploads\\\/2025\\\/06\\\/Asset-33amigoe@3x.png\",\"width\":223,\"height\":72,\"caption\":\"Amigoe Aruba\"},\"image\":{\"@id\":\"https:\\\/\\\/amigoearuba.com\\\/#\\\/schema\\\/logo\\\/image\\\/\"}},{\"@type\":\"Person\",\"@id\":\"https:\\\/\\\/amigoearuba.com\\\/#\\\/schema\\\/person\\\/bf6efee3e232dd3f7774568893f79bbe\",\"name\":\"Amigoe Aruba\",\"image\":{\"@type\":\"ImageObject\",\"inLanguage\":\"nl-NL\",\"@id\":\"https:\\\/\\\/secure.gravatar.com\\\/avatar\\\/393414aeb45fea6a12f8d5e0d40843d9b3a5c2919bde6e207590d000a8671b26?s=96&d=mm&r=g\",\"url\":\"https:\\\/\\\/secure.gravatar.com\\\/avatar\\\/393414aeb45fea6a12f8d5e0d40843d9b3a5c2919bde6e207590d000a8671b26?s=96&d=mm&r=g\",\"contentUrl\":\"https:\\\/\\\/secure.gravatar.com\\\/avatar\\\/393414aeb45fea6a12f8d5e0d40843d9b3a5c2919bde6e207590d000a8671b26?s=96&d=mm&r=g\",\"caption\":\"Amigoe Aruba\"},\"sameAs\":[\"https:\\\/\\\/amigoearuba.com\"],\"url\":\"https:\\\/\\\/amigoearuba.com\\\/?author=1\"}]}<\/script>\n<!-- \/ Yoast SEO plugin. -->","yoast_head_json":{"title":"Arubaanse kunstenaars geselecteerd voor textieltri\u00ebnnale in Polen - Amigoe Aruba","robots":{"index":"index","follow":"follow","max-snippet":"max-snippet:-1","max-image-preview":"max-image-preview:large","max-video-preview":"max-video-preview:-1"},"canonical":"https:\/\/amigoearuba.com\/?p=12453","og_locale":"nl_NL","og_type":"article","og_title":"Arubaanse kunstenaars geselecteerd voor textieltri\u00ebnnale in Polen - Amigoe Aruba","og_description":"Het multidisciplinaire kunstwerk \u2018Biento di Seit\u2019 van Alydia Wever en Ryan Oduber is opgenomen in de 18e Internationale Tri\u00ebnnale voor Textielkunst in het Poolse \u0141\u00f3d\u017a. De presentatie vindt plaats in oktober 2025.","og_url":"https:\/\/amigoearuba.com\/?p=12453","og_site_name":"Amigoe Aruba","article_published_time":"2025-11-24T02:02:26+00:00","article_modified_time":"2026-04-25T03:51:40+00:00","og_image":[{"width":2048,"height":1536,"url":"https:\/\/amigoearuba.com\/wp-content\/uploads\/2026\/04\/2-Photo_by_Konrad_Ciszkowski-1.jpg","type":"image\/jpeg"}],"author":"Amigoe Aruba","twitter_card":"summary_large_image","twitter_misc":{"Geschreven door":"Amigoe Aruba","Verwachte leestijd":"2 minuten"},"schema":{"@context":"https:\/\/schema.org","@graph":[{"@type":"Article","@id":"https:\/\/amigoearuba.com\/?p=12453#article","isPartOf":{"@id":"https:\/\/amigoearuba.com\/?p=12453"},"author":{"name":"Amigoe Aruba","@id":"https:\/\/amigoearuba.com\/#\/schema\/person\/bf6efee3e232dd3f7774568893f79bbe"},"headline":"Arubaanse kunstenaars geselecteerd voor textieltri\u00ebnnale in Polen","datePublished":"2025-11-24T02:02:26+00:00","dateModified":"2026-04-25T03:51:40+00:00","mainEntityOfPage":{"@id":"https:\/\/amigoearuba.com\/?p=12453"},"wordCount":393,"commentCount":0,"publisher":{"@id":"https:\/\/amigoearuba.com\/#organization"},"image":{"@id":"https:\/\/amigoearuba.com\/?p=12453#primaryimage"},"thumbnailUrl":"https:\/\/amigoearuba.com\/wp-content\/uploads\/2026\/04\/2-Photo_by_Konrad_Ciszkowski-1.jpg","articleSection":["Cultuur"],"inLanguage":"nl-NL","potentialAction":[{"@type":"CommentAction","name":"Comment","target":["https:\/\/amigoearuba.com\/?p=12453#respond"]}]},{"@type":"WebPage","@id":"https:\/\/amigoearuba.com\/?p=12453","url":"https:\/\/amigoearuba.com\/?p=12453","name":"Arubaanse kunstenaars geselecteerd voor textieltri\u00ebnnale in Polen - Amigoe Aruba","isPartOf":{"@id":"https:\/\/amigoearuba.com\/#website"},"primaryImageOfPage":{"@id":"https:\/\/amigoearuba.com\/?p=12453#primaryimage"},"image":{"@id":"https:\/\/amigoearuba.com\/?p=12453#primaryimage"},"thumbnailUrl":"https:\/\/amigoearuba.com\/wp-content\/uploads\/2026\/04\/2-Photo_by_Konrad_Ciszkowski-1.jpg","datePublished":"2025-11-24T02:02:26+00:00","dateModified":"2026-04-25T03:51:40+00:00","breadcrumb":{"@id":"https:\/\/amigoearuba.com\/?p=12453#breadcrumb"},"inLanguage":"nl-NL","potentialAction":[{"@type":"ReadAction","target":["https:\/\/amigoearuba.com\/?p=12453"]}]},{"@type":"ImageObject","inLanguage":"nl-NL","@id":"https:\/\/amigoearuba.com\/?p=12453#primaryimage","url":"https:\/\/amigoearuba.com\/wp-content\/uploads\/2026\/04\/2-Photo_by_Konrad_Ciszkowski-1.jpg","contentUrl":"https:\/\/amigoearuba.com\/wp-content\/uploads\/2026\/04\/2-Photo_by_Konrad_Ciszkowski-1.jpg","width":2048,"height":1536},{"@type":"BreadcrumbList","@id":"https:\/\/amigoearuba.com\/?p=12453#breadcrumb","itemListElement":[{"@type":"ListItem","position":1,"name":"Home","item":"https:\/\/amigoearuba.com\/"},{"@type":"ListItem","position":2,"name":"Arubaanse kunstenaars geselecteerd voor textieltri\u00ebnnale in Polen"}]},{"@type":"WebSite","@id":"https:\/\/amigoearuba.com\/#website","url":"https:\/\/amigoearuba.com\/","name":"Amigoe Aruba","description":"","publisher":{"@id":"https:\/\/amigoearuba.com\/#organization"},"potentialAction":[{"@type":"SearchAction","target":{"@type":"EntryPoint","urlTemplate":"https:\/\/amigoearuba.com\/?s={search_term_string}"},"query-input":{"@type":"PropertyValueSpecification","valueRequired":true,"valueName":"search_term_string"}}],"inLanguage":"nl-NL"},{"@type":"Organization","@id":"https:\/\/amigoearuba.com\/#organization","name":"Amigoe Aruba","url":"https:\/\/amigoearuba.com\/","logo":{"@type":"ImageObject","inLanguage":"nl-NL","@id":"https:\/\/amigoearuba.com\/#\/schema\/logo\/image\/","url":"https:\/\/amigoearuba.com\/wp-content\/uploads\/2025\/06\/Asset-33amigoe@3x.png","contentUrl":"https:\/\/amigoearuba.com\/wp-content\/uploads\/2025\/06\/Asset-33amigoe@3x.png","width":223,"height":72,"caption":"Amigoe Aruba"},"image":{"@id":"https:\/\/amigoearuba.com\/#\/schema\/logo\/image\/"}},{"@type":"Person","@id":"https:\/\/amigoearuba.com\/#\/schema\/person\/bf6efee3e232dd3f7774568893f79bbe","name":"Amigoe Aruba","image":{"@type":"ImageObject","inLanguage":"nl-NL","@id":"https:\/\/secure.gravatar.com\/avatar\/393414aeb45fea6a12f8d5e0d40843d9b3a5c2919bde6e207590d000a8671b26?s=96&d=mm&r=g","url":"https:\/\/secure.gravatar.com\/avatar\/393414aeb45fea6a12f8d5e0d40843d9b3a5c2919bde6e207590d000a8671b26?s=96&d=mm&r=g","contentUrl":"https:\/\/secure.gravatar.com\/avatar\/393414aeb45fea6a12f8d5e0d40843d9b3a5c2919bde6e207590d000a8671b26?s=96&d=mm&r=g","caption":"Amigoe Aruba"},"sameAs":["https:\/\/amigoearuba.com"],"url":"https:\/\/amigoearuba.com\/?author=1"}]}},"jetpack_featured_media_url":"https:\/\/amigoearuba.com\/wp-content\/uploads\/2026\/04\/2-Photo_by_Konrad_Ciszkowski-1.jpg","uagb_featured_image_src":{"full":["https:\/\/amigoearuba.com\/wp-content\/uploads\/2026\/04\/2-Photo_by_Konrad_Ciszkowski-1.jpg",2048,1536,false],"thumbnail":["https:\/\/amigoearuba.com\/wp-content\/uploads\/2026\/04\/2-Photo_by_Konrad_Ciszkowski-1-150x150.jpg",150,150,true],"medium":["https:\/\/amigoearuba.com\/wp-content\/uploads\/2026\/04\/2-Photo_by_Konrad_Ciszkowski-1-300x225.jpg",300,225,true],"medium_large":["https:\/\/amigoearuba.com\/wp-content\/uploads\/2026\/04\/2-Photo_by_Konrad_Ciszkowski-1-768x576.jpg",696,522,true],"large":["https:\/\/amigoearuba.com\/wp-content\/uploads\/2026\/04\/2-Photo_by_Konrad_Ciszkowski-1-1024x768.jpg",696,522,true],"1536x1536":["https:\/\/amigoearuba.com\/wp-content\/uploads\/2026\/04\/2-Photo_by_Konrad_Ciszkowski-1-1536x1152.jpg",1536,1152,true],"2048x2048":["https:\/\/amigoearuba.com\/wp-content\/uploads\/2026\/04\/2-Photo_by_Konrad_Ciszkowski-1.jpg",2048,1536,false],"td_0x420":["https:\/\/amigoearuba.com\/wp-content\/uploads\/2026\/04\/2-Photo_by_Konrad_Ciszkowski-1-560x420.jpg",560,420,true],"td_80x60":["https:\/\/amigoearuba.com\/wp-content\/uploads\/2026\/04\/2-Photo_by_Konrad_Ciszkowski-1-80x60.jpg",80,60,true],"td_150x0":["https:\/\/amigoearuba.com\/wp-content\/uploads\/2026\/04\/2-Photo_by_Konrad_Ciszkowski-1-150x113.jpg",150,113,true],"td_218x150":["https:\/\/amigoearuba.com\/wp-content\/uploads\/2026\/04\/2-Photo_by_Konrad_Ciszkowski-1-218x150.jpg",218,150,true],"td_300x0":["https:\/\/amigoearuba.com\/wp-content\/uploads\/2026\/04\/2-Photo_by_Konrad_Ciszkowski-1-300x225.jpg",300,225,true],"td_324x400":["https:\/\/amigoearuba.com\/wp-content\/uploads\/2026\/04\/2-Photo_by_Konrad_Ciszkowski-1-324x400.jpg",324,400,true],"td_485x360":["https:\/\/amigoearuba.com\/wp-content\/uploads\/2026\/04\/2-Photo_by_Konrad_Ciszkowski-1-485x360.jpg",485,360,true],"td_696x0":["https:\/\/amigoearuba.com\/wp-content\/uploads\/2026\/04\/2-Photo_by_Konrad_Ciszkowski-1-696x522.jpg",696,522,true],"td_1068x0":["https:\/\/amigoearuba.com\/wp-content\/uploads\/2026\/04\/2-Photo_by_Konrad_Ciszkowski-1-1068x801.jpg",1068,801,true],"td_1920x0":["https:\/\/amigoearuba.com\/wp-content\/uploads\/2026\/04\/2-Photo_by_Konrad_Ciszkowski-1-1920x1440.jpg",1920,1440,true],"td_265x198":["https:\/\/amigoearuba.com\/wp-content\/uploads\/2026\/04\/2-Photo_by_Konrad_Ciszkowski-1-265x198.jpg",265,198,true],"td_741x486":["https:\/\/amigoearuba.com\/wp-content\/uploads\/2026\/04\/2-Photo_by_Konrad_Ciszkowski-1-741x486.jpg",741,486,true]},"uagb_author_info":{"display_name":"Amigoe Aruba","author_link":"https:\/\/amigoearuba.com\/?author=1"},"uagb_comment_info":0,"uagb_excerpt":"Het multidisciplinaire kunstwerk \u2018Biento di Seit\u2019 van Alydia Wever en Ryan Oduber is opgenomen in de 18e Internationale Tri\u00ebnnale voor Textielkunst in het Poolse \u0141\u00f3d\u017a. De presentatie vindt plaats in oktober 2025.","amp_enabled":true,"_links":{"self":[{"href":"https:\/\/amigoearuba.com\/index.php?rest_route=\/wp\/v2\/posts\/12453","targetHints":{"allow":["GET"]}}],"collection":[{"href":"https:\/\/amigoearuba.com\/index.php?rest_route=\/wp\/v2\/posts"}],"about":[{"href":"https:\/\/amigoearuba.com\/index.php?rest_route=\/wp\/v2\/types\/post"}],"author":[{"embeddable":true,"href":"https:\/\/amigoearuba.com\/index.php?rest_route=\/wp\/v2\/users\/1"}],"replies":[{"embeddable":true,"href":"https:\/\/amigoearuba.com\/index.php?rest_route=%2Fwp%2Fv2%2Fcomments&post=12453"}],"version-history":[{"count":1,"href":"https:\/\/amigoearuba.com\/index.php?rest_route=\/wp\/v2\/posts\/12453\/revisions"}],"predecessor-version":[{"id":12454,"href":"https:\/\/amigoearuba.com\/index.php?rest_route=\/wp\/v2\/posts\/12453\/revisions\/12454"}],"wp:featuredmedia":[{"embeddable":true,"href":"https:\/\/amigoearuba.com\/index.php?rest_route=\/wp\/v2\/media\/12452"}],"wp:attachment":[{"href":"https:\/\/amigoearuba.com\/index.php?rest_route=%2Fwp%2Fv2%2Fmedia&parent=12453"}],"wp:term":[{"taxonomy":"category","embeddable":true,"href":"https:\/\/amigoearuba.com\/index.php?rest_route=%2Fwp%2Fv2%2Fcategories&post=12453"},{"taxonomy":"post_tag","embeddable":true,"href":"https:\/\/amigoearuba.com\/index.php?rest_route=%2Fwp%2Fv2%2Ftags&post=12453"}],"curies":[{"name":"wp","href":"https:\/\/api.w.org\/{rel}","templated":true}]}}