{"id":12138,"date":"2025-11-02T10:33:03","date_gmt":"2025-11-02T14:33:03","guid":{"rendered":"https:\/\/amigoearuba.com\/?p=12138"},"modified":"2026-04-24T20:05:01","modified_gmt":"2026-04-25T00:05:01","slug":"curacao-sluit-voorzitterschap-aicesis-af-na-historische-algemene-vergadering","status":"publish","type":"post","link":"https:\/\/amigoearuba.com\/?p=12138","title":{"rendered":"Cura\u00e7ao sluit voorzitterschap AICESIS af na historische algemene vergadering"},"content":{"rendered":"<p>WILLEMSTAD \u2014 In het Renaissance Wind Creek Cura\u00e7ao Resort heeft onlangs de statutaire algemene vergadering plaatsgevonden van de International Association of Economic and Social Councils and Similar Institutions (AICESIS). Aan de bijeenkomst namen delegaties uit meer dan vijftig landen deel, evenals beleidsmakers en vertegenwoordigers van internationale organisaties.<\/p>\n<p>De hybride conferentie vormde het slotstuk van het Cura\u00e7aose voorzitterschap van AICESIS, de wereldorganisatie die meer dan zeventig economische en sociale raden en soortgelijke instellingen verenigt. Na twee jaar van samenwerking, diplomatie en kennisuitwisseling droeg Cura\u00e7ao het voorzitterschap officieel over aan Griekenland.<\/p>\n<p>Op 30 oktober vond eerst een bestuursvergadering plaats, gevolgd door een workshop over kunstmatige intelligentie (AI). Tijdens die sessie gaven twee internationale sprekers, namens de directeur-generaal van de International Labour Organization (ILO) en het UNESCO-kantoor voor het Caribisch gebied, hun visie op de relatie tussen AI en wereldwijd beleid.<\/p>\n<p>Centraal stond het thema dat het benutten van AI voor positieve maatschappelijke doelen vraagt om afgestemde inzet van overheden, sociale partners en internationale instellingen. Daarbij kwamen onder meer nieuwe arbeidsvormen, dataverwerkers, arbeidsomstandigheden, AI-geletterdheid en data-integriteit aan bod.<\/p>\n<p>De offici\u00eble plechtigheid op vrijdag 31 oktober werd geopend door SER-secretaris-generaal Raul Henriquez. Toespraken waren er van de vertrekkende AICESIS-voorzitter John Jacobs, minister van Onderwijs, Wetenschap, Cultuur en Sport Sithree van Heydoorn en premier Gilmar Pisas. Ook waarnemend gouverneur Mich\u00e8le Russel-Capriles was bij de opening aanwezig.<\/p>\n<p>Premier Pisas onderstreepte in zijn rede het belang van samenwerking en inclusie in een periode van mondiale onzekerheid. Volgens hem blijft dialoog het krachtigste instrument voor bestuur en vrede, juist wanneer overheden, werkgevers en werknemers op voet van gelijkheid samenwerken.<\/p>\n<p>Minister Van Heydoorn pleitte voor een verantwoorde en inclusieve toepassing van kunstmatige intelligentie in het onderwijs. Daarbij stelde zij dat technologie de mens moet dienen, onderwijs moet versterken, privacy moet beschermen en gelijke toegang moet bevorderen.<\/p>\n<p>John Jacobs blikte terug op twee jaar Cura\u00e7aos leiderschap binnen AICESIS. Hij benadrukte dat ontwikkeling niet alleen draait om productie, maar om een evenwicht tussen innovatie en samenhang, welvaart en verantwoordelijkheid. Volgens hem bevestigt de samenwerking met onder meer de Verenigde Naties, de ILO en de Europese Unie het belang van dialoog en vertrouwen voor inclusieve groei.<\/p>\n<p>Tijdens de algemene vergadering werd de Sociaal-Economische Raad (SER) van Cura\u00e7ao opnieuw benoemd als bestuurslid voor de regio Latijns-Amerika en het Caribisch gebied voor de komende twee jaar. Ook werd SER-senioradviseur mevrouw Sboui-Racamy herbenoemd tot vice-secretaris-generaal voor de regio. In die functie zal zij samen met de Hongaarse professor Gust\u00e1v B\u00e1ger een project co\u00f6rdineren waarbij de Braziliaanse tegenhangers als voorbeeld dienen.<\/p>\n<p>De algemene vergadering werd afgesloten met een tweede bestuursvergadering onder leiding van de nieuwe voorzitter, de Griekse Economische en Sociale Raad (OKE), vertegenwoordigd door Ioannis Paidas. Volgens de organisatie groeide het formele overdrachtsmoment uit tot een bevestiging van internationale samenwerking en wederzijds vertrouwen.<\/p>\n<p>De buitenlandse delegaties namen daarnaast deel aan een cultureel en sociaal programma, bedoeld om hen kennis te laten maken met de gastvrijheid en het culturele erfgoed van Cura\u00e7ao.<\/p>\n","protected":false},"excerpt":{"rendered":"<p>Met een internationale vergadering van AICESIS in Willemstad heeft Cura\u00e7ao zijn tweejarig voorzitterschap van de wereldorganisatie van economische en sociale raden officieel overgedragen aan Griekenland.<\/p>\n","protected":false},"author":1,"featured_media":12137,"comment_status":"open","ping_status":"open","sticky":false,"template":"","format":"standard","meta":{"_uag_custom_page_level_css":"","tdm_status":"","tdm_grid_status":"","footnotes":""},"categories":[156],"tags":[],"class_list":{"0":"post-12138","1":"post","2":"type-post","3":"status-publish","4":"format-standard","5":"has-post-thumbnail","7":"category-politiek"},"yoast_head":"<!-- This site is optimized with the Yoast SEO plugin v27.3 - https:\/\/yoast.com\/product\/yoast-seo-wordpress\/ -->\n<title>Cura\u00e7ao sluit voorzitterschap AICESIS af na historische algemene vergadering - Amigoe Aruba<\/title>\n<meta name=\"robots\" content=\"index, follow, max-snippet:-1, max-image-preview:large, max-video-preview:-1\" \/>\n<link rel=\"canonical\" href=\"https:\/\/amigoearuba.com\/?p=12138\" \/>\n<meta property=\"og:locale\" content=\"nl_NL\" \/>\n<meta property=\"og:type\" content=\"article\" \/>\n<meta property=\"og:title\" content=\"Cura\u00e7ao sluit voorzitterschap AICESIS af na historische algemene vergadering - Amigoe Aruba\" \/>\n<meta property=\"og:description\" content=\"Met een internationale vergadering van AICESIS in Willemstad heeft Cura\u00e7ao zijn tweejarig voorzitterschap van de wereldorganisatie van economische en sociale raden officieel overgedragen aan Griekenland.\" \/>\n<meta property=\"og:url\" content=\"https:\/\/amigoearuba.com\/?p=12138\" \/>\n<meta property=\"og:site_name\" content=\"Amigoe Aruba\" \/>\n<meta property=\"article:published_time\" content=\"2025-11-02T14:33:03+00:00\" \/>\n<meta property=\"article:modified_time\" content=\"2026-04-25T00:05:01+00:00\" \/>\n<meta property=\"og:image\" content=\"https:\/\/amigoearuba.com\/wp-content\/uploads\/2026\/04\/Outlook-vjsq32sn.png\" \/>\n\t<meta property=\"og:image:width\" content=\"1545\" \/>\n\t<meta property=\"og:image:height\" content=\"2000\" \/>\n\t<meta property=\"og:image:type\" content=\"image\/png\" \/>\n<meta name=\"author\" content=\"Amigoe Aruba\" \/>\n<meta name=\"twitter:card\" content=\"summary_large_image\" \/>\n<meta name=\"twitter:label1\" content=\"Geschreven door\" \/>\n\t<meta name=\"twitter:data1\" content=\"Amigoe Aruba\" \/>\n\t<meta name=\"twitter:label2\" content=\"Verwachte leestijd\" \/>\n\t<meta name=\"twitter:data2\" content=\"2 minuten\" \/>\n<script type=\"application\/ld+json\" class=\"yoast-schema-graph\">{\"@context\":\"https:\\\/\\\/schema.org\",\"@graph\":[{\"@type\":\"Article\",\"@id\":\"https:\\\/\\\/amigoearuba.com\\\/?p=12138#article\",\"isPartOf\":{\"@id\":\"https:\\\/\\\/amigoearuba.com\\\/?p=12138\"},\"author\":{\"name\":\"Amigoe Aruba\",\"@id\":\"https:\\\/\\\/amigoearuba.com\\\/#\\\/schema\\\/person\\\/bf6efee3e232dd3f7774568893f79bbe\"},\"headline\":\"Cura\u00e7ao sluit voorzitterschap AICESIS af na historische algemene vergadering\",\"datePublished\":\"2025-11-02T14:33:03+00:00\",\"dateModified\":\"2026-04-25T00:05:01+00:00\",\"mainEntityOfPage\":{\"@id\":\"https:\\\/\\\/amigoearuba.com\\\/?p=12138\"},\"wordCount\":504,\"commentCount\":0,\"publisher\":{\"@id\":\"https:\\\/\\\/amigoearuba.com\\\/#organization\"},\"image\":{\"@id\":\"https:\\\/\\\/amigoearuba.com\\\/?p=12138#primaryimage\"},\"thumbnailUrl\":\"https:\\\/\\\/amigoearuba.com\\\/wp-content\\\/uploads\\\/2026\\\/04\\\/Outlook-vjsq32sn.png\",\"articleSection\":[\"Politiek\"],\"inLanguage\":\"nl-NL\",\"potentialAction\":[{\"@type\":\"CommentAction\",\"name\":\"Comment\",\"target\":[\"https:\\\/\\\/amigoearuba.com\\\/?p=12138#respond\"]}]},{\"@type\":\"WebPage\",\"@id\":\"https:\\\/\\\/amigoearuba.com\\\/?p=12138\",\"url\":\"https:\\\/\\\/amigoearuba.com\\\/?p=12138\",\"name\":\"Cura\u00e7ao sluit voorzitterschap AICESIS af na historische algemene vergadering - Amigoe Aruba\",\"isPartOf\":{\"@id\":\"https:\\\/\\\/amigoearuba.com\\\/#website\"},\"primaryImageOfPage\":{\"@id\":\"https:\\\/\\\/amigoearuba.com\\\/?p=12138#primaryimage\"},\"image\":{\"@id\":\"https:\\\/\\\/amigoearuba.com\\\/?p=12138#primaryimage\"},\"thumbnailUrl\":\"https:\\\/\\\/amigoearuba.com\\\/wp-content\\\/uploads\\\/2026\\\/04\\\/Outlook-vjsq32sn.png\",\"datePublished\":\"2025-11-02T14:33:03+00:00\",\"dateModified\":\"2026-04-25T00:05:01+00:00\",\"breadcrumb\":{\"@id\":\"https:\\\/\\\/amigoearuba.com\\\/?p=12138#breadcrumb\"},\"inLanguage\":\"nl-NL\",\"potentialAction\":[{\"@type\":\"ReadAction\",\"target\":[\"https:\\\/\\\/amigoearuba.com\\\/?p=12138\"]}]},{\"@type\":\"ImageObject\",\"inLanguage\":\"nl-NL\",\"@id\":\"https:\\\/\\\/amigoearuba.com\\\/?p=12138#primaryimage\",\"url\":\"https:\\\/\\\/amigoearuba.com\\\/wp-content\\\/uploads\\\/2026\\\/04\\\/Outlook-vjsq32sn.png\",\"contentUrl\":\"https:\\\/\\\/amigoearuba.com\\\/wp-content\\\/uploads\\\/2026\\\/04\\\/Outlook-vjsq32sn.png\",\"width\":1545,\"height\":2000},{\"@type\":\"BreadcrumbList\",\"@id\":\"https:\\\/\\\/amigoearuba.com\\\/?p=12138#breadcrumb\",\"itemListElement\":[{\"@type\":\"ListItem\",\"position\":1,\"name\":\"Home\",\"item\":\"https:\\\/\\\/amigoearuba.com\\\/\"},{\"@type\":\"ListItem\",\"position\":2,\"name\":\"Cura\u00e7ao sluit voorzitterschap AICESIS af na historische algemene vergadering\"}]},{\"@type\":\"WebSite\",\"@id\":\"https:\\\/\\\/amigoearuba.com\\\/#website\",\"url\":\"https:\\\/\\\/amigoearuba.com\\\/\",\"name\":\"Amigoe Aruba\",\"description\":\"\",\"publisher\":{\"@id\":\"https:\\\/\\\/amigoearuba.com\\\/#organization\"},\"potentialAction\":[{\"@type\":\"SearchAction\",\"target\":{\"@type\":\"EntryPoint\",\"urlTemplate\":\"https:\\\/\\\/amigoearuba.com\\\/?s={search_term_string}\"},\"query-input\":{\"@type\":\"PropertyValueSpecification\",\"valueRequired\":true,\"valueName\":\"search_term_string\"}}],\"inLanguage\":\"nl-NL\"},{\"@type\":\"Organization\",\"@id\":\"https:\\\/\\\/amigoearuba.com\\\/#organization\",\"name\":\"Amigoe Aruba\",\"url\":\"https:\\\/\\\/amigoearuba.com\\\/\",\"logo\":{\"@type\":\"ImageObject\",\"inLanguage\":\"nl-NL\",\"@id\":\"https:\\\/\\\/amigoearuba.com\\\/#\\\/schema\\\/logo\\\/image\\\/\",\"url\":\"https:\\\/\\\/amigoearuba.com\\\/wp-content\\\/uploads\\\/2025\\\/06\\\/Asset-33amigoe@3x.png\",\"contentUrl\":\"https:\\\/\\\/amigoearuba.com\\\/wp-content\\\/uploads\\\/2025\\\/06\\\/Asset-33amigoe@3x.png\",\"width\":223,\"height\":72,\"caption\":\"Amigoe Aruba\"},\"image\":{\"@id\":\"https:\\\/\\\/amigoearuba.com\\\/#\\\/schema\\\/logo\\\/image\\\/\"}},{\"@type\":\"Person\",\"@id\":\"https:\\\/\\\/amigoearuba.com\\\/#\\\/schema\\\/person\\\/bf6efee3e232dd3f7774568893f79bbe\",\"name\":\"Amigoe Aruba\",\"image\":{\"@type\":\"ImageObject\",\"inLanguage\":\"nl-NL\",\"@id\":\"https:\\\/\\\/secure.gravatar.com\\\/avatar\\\/393414aeb45fea6a12f8d5e0d40843d9b3a5c2919bde6e207590d000a8671b26?s=96&d=mm&r=g\",\"url\":\"https:\\\/\\\/secure.gravatar.com\\\/avatar\\\/393414aeb45fea6a12f8d5e0d40843d9b3a5c2919bde6e207590d000a8671b26?s=96&d=mm&r=g\",\"contentUrl\":\"https:\\\/\\\/secure.gravatar.com\\\/avatar\\\/393414aeb45fea6a12f8d5e0d40843d9b3a5c2919bde6e207590d000a8671b26?s=96&d=mm&r=g\",\"caption\":\"Amigoe Aruba\"},\"sameAs\":[\"https:\\\/\\\/amigoearuba.com\"],\"url\":\"https:\\\/\\\/amigoearuba.com\\\/?author=1\"}]}<\/script>\n<!-- \/ Yoast SEO plugin. -->","yoast_head_json":{"title":"Cura\u00e7ao sluit voorzitterschap AICESIS af na historische algemene vergadering - Amigoe Aruba","robots":{"index":"index","follow":"follow","max-snippet":"max-snippet:-1","max-image-preview":"max-image-preview:large","max-video-preview":"max-video-preview:-1"},"canonical":"https:\/\/amigoearuba.com\/?p=12138","og_locale":"nl_NL","og_type":"article","og_title":"Cura\u00e7ao sluit voorzitterschap AICESIS af na historische algemene vergadering - Amigoe Aruba","og_description":"Met een internationale vergadering van AICESIS in Willemstad heeft Cura\u00e7ao zijn tweejarig voorzitterschap van de wereldorganisatie van economische en sociale raden officieel overgedragen aan Griekenland.","og_url":"https:\/\/amigoearuba.com\/?p=12138","og_site_name":"Amigoe Aruba","article_published_time":"2025-11-02T14:33:03+00:00","article_modified_time":"2026-04-25T00:05:01+00:00","og_image":[{"width":1545,"height":2000,"url":"https:\/\/amigoearuba.com\/wp-content\/uploads\/2026\/04\/Outlook-vjsq32sn.png","type":"image\/png"}],"author":"Amigoe Aruba","twitter_card":"summary_large_image","twitter_misc":{"Geschreven door":"Amigoe Aruba","Verwachte leestijd":"2 minuten"},"schema":{"@context":"https:\/\/schema.org","@graph":[{"@type":"Article","@id":"https:\/\/amigoearuba.com\/?p=12138#article","isPartOf":{"@id":"https:\/\/amigoearuba.com\/?p=12138"},"author":{"name":"Amigoe Aruba","@id":"https:\/\/amigoearuba.com\/#\/schema\/person\/bf6efee3e232dd3f7774568893f79bbe"},"headline":"Cura\u00e7ao sluit voorzitterschap AICESIS af na historische algemene vergadering","datePublished":"2025-11-02T14:33:03+00:00","dateModified":"2026-04-25T00:05:01+00:00","mainEntityOfPage":{"@id":"https:\/\/amigoearuba.com\/?p=12138"},"wordCount":504,"commentCount":0,"publisher":{"@id":"https:\/\/amigoearuba.com\/#organization"},"image":{"@id":"https:\/\/amigoearuba.com\/?p=12138#primaryimage"},"thumbnailUrl":"https:\/\/amigoearuba.com\/wp-content\/uploads\/2026\/04\/Outlook-vjsq32sn.png","articleSection":["Politiek"],"inLanguage":"nl-NL","potentialAction":[{"@type":"CommentAction","name":"Comment","target":["https:\/\/amigoearuba.com\/?p=12138#respond"]}]},{"@type":"WebPage","@id":"https:\/\/amigoearuba.com\/?p=12138","url":"https:\/\/amigoearuba.com\/?p=12138","name":"Cura\u00e7ao sluit voorzitterschap AICESIS af na historische algemene vergadering - Amigoe Aruba","isPartOf":{"@id":"https:\/\/amigoearuba.com\/#website"},"primaryImageOfPage":{"@id":"https:\/\/amigoearuba.com\/?p=12138#primaryimage"},"image":{"@id":"https:\/\/amigoearuba.com\/?p=12138#primaryimage"},"thumbnailUrl":"https:\/\/amigoearuba.com\/wp-content\/uploads\/2026\/04\/Outlook-vjsq32sn.png","datePublished":"2025-11-02T14:33:03+00:00","dateModified":"2026-04-25T00:05:01+00:00","breadcrumb":{"@id":"https:\/\/amigoearuba.com\/?p=12138#breadcrumb"},"inLanguage":"nl-NL","potentialAction":[{"@type":"ReadAction","target":["https:\/\/amigoearuba.com\/?p=12138"]}]},{"@type":"ImageObject","inLanguage":"nl-NL","@id":"https:\/\/amigoearuba.com\/?p=12138#primaryimage","url":"https:\/\/amigoearuba.com\/wp-content\/uploads\/2026\/04\/Outlook-vjsq32sn.png","contentUrl":"https:\/\/amigoearuba.com\/wp-content\/uploads\/2026\/04\/Outlook-vjsq32sn.png","width":1545,"height":2000},{"@type":"BreadcrumbList","@id":"https:\/\/amigoearuba.com\/?p=12138#breadcrumb","itemListElement":[{"@type":"ListItem","position":1,"name":"Home","item":"https:\/\/amigoearuba.com\/"},{"@type":"ListItem","position":2,"name":"Cura\u00e7ao sluit voorzitterschap AICESIS af na historische algemene vergadering"}]},{"@type":"WebSite","@id":"https:\/\/amigoearuba.com\/#website","url":"https:\/\/amigoearuba.com\/","name":"Amigoe Aruba","description":"","publisher":{"@id":"https:\/\/amigoearuba.com\/#organization"},"potentialAction":[{"@type":"SearchAction","target":{"@type":"EntryPoint","urlTemplate":"https:\/\/amigoearuba.com\/?s={search_term_string}"},"query-input":{"@type":"PropertyValueSpecification","valueRequired":true,"valueName":"search_term_string"}}],"inLanguage":"nl-NL"},{"@type":"Organization","@id":"https:\/\/amigoearuba.com\/#organization","name":"Amigoe Aruba","url":"https:\/\/amigoearuba.com\/","logo":{"@type":"ImageObject","inLanguage":"nl-NL","@id":"https:\/\/amigoearuba.com\/#\/schema\/logo\/image\/","url":"https:\/\/amigoearuba.com\/wp-content\/uploads\/2025\/06\/Asset-33amigoe@3x.png","contentUrl":"https:\/\/amigoearuba.com\/wp-content\/uploads\/2025\/06\/Asset-33amigoe@3x.png","width":223,"height":72,"caption":"Amigoe Aruba"},"image":{"@id":"https:\/\/amigoearuba.com\/#\/schema\/logo\/image\/"}},{"@type":"Person","@id":"https:\/\/amigoearuba.com\/#\/schema\/person\/bf6efee3e232dd3f7774568893f79bbe","name":"Amigoe Aruba","image":{"@type":"ImageObject","inLanguage":"nl-NL","@id":"https:\/\/secure.gravatar.com\/avatar\/393414aeb45fea6a12f8d5e0d40843d9b3a5c2919bde6e207590d000a8671b26?s=96&d=mm&r=g","url":"https:\/\/secure.gravatar.com\/avatar\/393414aeb45fea6a12f8d5e0d40843d9b3a5c2919bde6e207590d000a8671b26?s=96&d=mm&r=g","contentUrl":"https:\/\/secure.gravatar.com\/avatar\/393414aeb45fea6a12f8d5e0d40843d9b3a5c2919bde6e207590d000a8671b26?s=96&d=mm&r=g","caption":"Amigoe Aruba"},"sameAs":["https:\/\/amigoearuba.com"],"url":"https:\/\/amigoearuba.com\/?author=1"}]}},"jetpack_featured_media_url":"https:\/\/amigoearuba.com\/wp-content\/uploads\/2026\/04\/Outlook-vjsq32sn.png","uagb_featured_image_src":{"full":["https:\/\/amigoearuba.com\/wp-content\/uploads\/2026\/04\/Outlook-vjsq32sn.png",1545,2000,false],"thumbnail":["https:\/\/amigoearuba.com\/wp-content\/uploads\/2026\/04\/Outlook-vjsq32sn-150x150.png",150,150,true],"medium":["https:\/\/amigoearuba.com\/wp-content\/uploads\/2026\/04\/Outlook-vjsq32sn-232x300.png",232,300,true],"medium_large":["https:\/\/amigoearuba.com\/wp-content\/uploads\/2026\/04\/Outlook-vjsq32sn-768x994.png",696,901,true],"large":["https:\/\/amigoearuba.com\/wp-content\/uploads\/2026\/04\/Outlook-vjsq32sn-791x1024.png",696,901,true],"1536x1536":["https:\/\/amigoearuba.com\/wp-content\/uploads\/2026\/04\/Outlook-vjsq32sn-1187x1536.png",1187,1536,true],"2048x2048":["https:\/\/amigoearuba.com\/wp-content\/uploads\/2026\/04\/Outlook-vjsq32sn.png",1545,2000,false],"td_0x420":["https:\/\/amigoearuba.com\/wp-content\/uploads\/2026\/04\/Outlook-vjsq32sn-324x420.png",324,420,true],"td_80x60":["https:\/\/amigoearuba.com\/wp-content\/uploads\/2026\/04\/Outlook-vjsq32sn-80x60.png",80,60,true],"td_150x0":["https:\/\/amigoearuba.com\/wp-content\/uploads\/2026\/04\/Outlook-vjsq32sn-150x194.png",150,194,true],"td_218x150":["https:\/\/amigoearuba.com\/wp-content\/uploads\/2026\/04\/Outlook-vjsq32sn-218x150.png",218,150,true],"td_300x0":["https:\/\/amigoearuba.com\/wp-content\/uploads\/2026\/04\/Outlook-vjsq32sn-300x388.png",300,388,true],"td_324x400":["https:\/\/amigoearuba.com\/wp-content\/uploads\/2026\/04\/Outlook-vjsq32sn-324x400.png",324,400,true],"td_485x360":["https:\/\/amigoearuba.com\/wp-content\/uploads\/2026\/04\/Outlook-vjsq32sn-485x360.png",485,360,true],"td_696x0":["https:\/\/amigoearuba.com\/wp-content\/uploads\/2026\/04\/Outlook-vjsq32sn-696x901.png",696,901,true],"td_1068x0":["https:\/\/amigoearuba.com\/wp-content\/uploads\/2026\/04\/Outlook-vjsq32sn-1068x1383.png",1068,1383,true],"td_1920x0":["https:\/\/amigoearuba.com\/wp-content\/uploads\/2026\/04\/Outlook-vjsq32sn.png",1545,2000,false],"td_265x198":["https:\/\/amigoearuba.com\/wp-content\/uploads\/2026\/04\/Outlook-vjsq32sn-265x198.png",265,198,true],"td_741x486":["https:\/\/amigoearuba.com\/wp-content\/uploads\/2026\/04\/Outlook-vjsq32sn-741x486.png",741,486,true]},"uagb_author_info":{"display_name":"Amigoe Aruba","author_link":"https:\/\/amigoearuba.com\/?author=1"},"uagb_comment_info":0,"uagb_excerpt":"Met een internationale vergadering van AICESIS in Willemstad heeft Cura\u00e7ao zijn tweejarig voorzitterschap van de wereldorganisatie van economische en sociale raden officieel overgedragen aan Griekenland.","amp_enabled":true,"_links":{"self":[{"href":"https:\/\/amigoearuba.com\/index.php?rest_route=\/wp\/v2\/posts\/12138","targetHints":{"allow":["GET"]}}],"collection":[{"href":"https:\/\/amigoearuba.com\/index.php?rest_route=\/wp\/v2\/posts"}],"about":[{"href":"https:\/\/amigoearuba.com\/index.php?rest_route=\/wp\/v2\/types\/post"}],"author":[{"embeddable":true,"href":"https:\/\/amigoearuba.com\/index.php?rest_route=\/wp\/v2\/users\/1"}],"replies":[{"embeddable":true,"href":"https:\/\/amigoearuba.com\/index.php?rest_route=%2Fwp%2Fv2%2Fcomments&post=12138"}],"version-history":[{"count":1,"href":"https:\/\/amigoearuba.com\/index.php?rest_route=\/wp\/v2\/posts\/12138\/revisions"}],"predecessor-version":[{"id":12139,"href":"https:\/\/amigoearuba.com\/index.php?rest_route=\/wp\/v2\/posts\/12138\/revisions\/12139"}],"wp:featuredmedia":[{"embeddable":true,"href":"https:\/\/amigoearuba.com\/index.php?rest_route=\/wp\/v2\/media\/12137"}],"wp:attachment":[{"href":"https:\/\/amigoearuba.com\/index.php?rest_route=%2Fwp%2Fv2%2Fmedia&parent=12138"}],"wp:term":[{"taxonomy":"category","embeddable":true,"href":"https:\/\/amigoearuba.com\/index.php?rest_route=%2Fwp%2Fv2%2Fcategories&post=12138"},{"taxonomy":"post_tag","embeddable":true,"href":"https:\/\/amigoearuba.com\/index.php?rest_route=%2Fwp%2Fv2%2Ftags&post=12138"}],"curies":[{"name":"wp","href":"https:\/\/api.w.org\/{rel}","templated":true}]}}