{"id":12105,"date":"2025-10-31T10:08:24","date_gmt":"2025-10-31T14:08:24","guid":{"rendered":"https:\/\/amigoearuba.com\/?p=12105"},"modified":"2026-04-24T19:59:39","modified_gmt":"2026-04-24T23:59:39","slug":"ruthsella-agueda-jansen-nieuwe-waarnemend-gouverneur-van-curacao","status":"publish","type":"post","link":"https:\/\/amigoearuba.com\/?p=12105","title":{"rendered":"Ruthsella Agueda Jansen nieuwe waarnemend Gouverneur van Cura\u00e7ao"},"content":{"rendered":"<p>WILLEMSTAD \u2013 De Rijksministerraad heeft, op voordracht van de Raad van Ministers van Cura\u00e7ao, Ruthsella Agueda Jansen voorgedragen voor benoeming tot waarnemend Gouverneur van Cura\u00e7ao. Dat blijkt uit een persbericht van het ministerie van Binnenlandse Zaken en Koninkrijksrelaties van 31 oktober 2025.<\/p>\n<p>Jansen volgt Mich\u00e8le Russel-Capriles op als waarnemend Gouverneur. De ambtstermijn van Russel-Capriles liep af op 1 september 2025.<\/p>\n<p>Ruthsella Jansen is 66 jaar en geboren op Cura\u00e7ao. Tot haar pensionering in februari 2024 was zij adjunct-directeur van Maduro &amp; Curi\u00ebls Bank op Cura\u00e7ao. Daarvoor vervulde zij leidinggevende functies bij verschillende overheidsdepartementen op het eiland.<\/p>\n<p>Daarnaast bekleedde Jansen diverse maatschappelijke functies. Zo was zij honorair consul-generaal van Canada voor Aruba, Cura\u00e7ao en Bonaire. Ook was zij lid van de klachtenadviescommissie van het Gemeenschappelijk Hof van Justitie van Aruba, Cura\u00e7ao, Sint Maarten en van Bonaire, Sint Eustatius en Saba.<\/p>\n<p>De waarnemend gouverneur wordt bij Koninklijk besluit benoemd voor een periode van zes jaar.<\/p>\n","protected":false},"excerpt":{"rendered":"<p>Ruthsella Agueda Jansen is voorgedragen voor benoeming tot waarnemend Gouverneur van Cura\u00e7ao. Zij volgt Mich\u00e8le Russel-Capriles op, van wie de ambtstermijn op 1 september 2025 afliep.<\/p>\n","protected":false},"author":1,"featured_media":12104,"comment_status":"open","ping_status":"open","sticky":false,"template":"","format":"standard","meta":{"_uag_custom_page_level_css":"","tdm_status":"","tdm_grid_status":"","footnotes":""},"categories":[156],"tags":[],"class_list":{"0":"post-12105","1":"post","2":"type-post","3":"status-publish","4":"format-standard","5":"has-post-thumbnail","7":"category-politiek"},"yoast_head":"<!-- This site is optimized with the Yoast SEO plugin v27.3 - https:\/\/yoast.com\/product\/yoast-seo-wordpress\/ -->\n<title>Ruthsella Agueda Jansen nieuwe waarnemend Gouverneur van Cura\u00e7ao - Amigoe Aruba<\/title>\n<meta name=\"robots\" content=\"index, follow, max-snippet:-1, max-image-preview:large, max-video-preview:-1\" \/>\n<link rel=\"canonical\" href=\"https:\/\/amigoearuba.com\/?p=12105\" \/>\n<meta property=\"og:locale\" content=\"nl_NL\" \/>\n<meta property=\"og:type\" content=\"article\" \/>\n<meta property=\"og:title\" content=\"Ruthsella Agueda Jansen nieuwe waarnemend Gouverneur van Cura\u00e7ao - Amigoe Aruba\" \/>\n<meta property=\"og:description\" content=\"Ruthsella Agueda Jansen is voorgedragen voor benoeming tot waarnemend Gouverneur van Cura\u00e7ao. Zij volgt Mich\u00e8le Russel-Capriles op, van wie de ambtstermijn op 1 september 2025 afliep.\" \/>\n<meta property=\"og:url\" content=\"https:\/\/amigoearuba.com\/?p=12105\" \/>\n<meta property=\"og:site_name\" content=\"Amigoe Aruba\" \/>\n<meta property=\"article:published_time\" content=\"2025-10-31T14:08:24+00:00\" \/>\n<meta property=\"article:modified_time\" content=\"2026-04-24T23:59:39+00:00\" \/>\n<meta property=\"og:image\" content=\"https:\/\/amigoearuba.com\/wp-content\/uploads\/2026\/04\/default-news-332.jpg\" \/>\n\t<meta property=\"og:image:width\" content=\"1280\" \/>\n\t<meta property=\"og:image:height\" content=\"720\" \/>\n\t<meta property=\"og:image:type\" content=\"image\/jpeg\" \/>\n<meta name=\"author\" content=\"Amigoe Aruba\" \/>\n<meta name=\"twitter:card\" content=\"summary_large_image\" \/>\n<meta name=\"twitter:label1\" content=\"Geschreven door\" \/>\n\t<meta name=\"twitter:data1\" content=\"Amigoe Aruba\" \/>\n\t<meta name=\"twitter:label2\" content=\"Verwachte leestijd\" \/>\n\t<meta name=\"twitter:data2\" content=\"1 minuut\" \/>\n<script type=\"application\/ld+json\" class=\"yoast-schema-graph\">{\"@context\":\"https:\\\/\\\/schema.org\",\"@graph\":[{\"@type\":\"Article\",\"@id\":\"https:\\\/\\\/amigoearuba.com\\\/?p=12105#article\",\"isPartOf\":{\"@id\":\"https:\\\/\\\/amigoearuba.com\\\/?p=12105\"},\"author\":{\"name\":\"Amigoe Aruba\",\"@id\":\"https:\\\/\\\/amigoearuba.com\\\/#\\\/schema\\\/person\\\/bf6efee3e232dd3f7774568893f79bbe\"},\"headline\":\"Ruthsella Agueda Jansen nieuwe waarnemend Gouverneur van Cura\u00e7ao\",\"datePublished\":\"2025-10-31T14:08:24+00:00\",\"dateModified\":\"2026-04-24T23:59:39+00:00\",\"mainEntityOfPage\":{\"@id\":\"https:\\\/\\\/amigoearuba.com\\\/?p=12105\"},\"wordCount\":163,\"commentCount\":0,\"publisher\":{\"@id\":\"https:\\\/\\\/amigoearuba.com\\\/#organization\"},\"image\":{\"@id\":\"https:\\\/\\\/amigoearuba.com\\\/?p=12105#primaryimage\"},\"thumbnailUrl\":\"https:\\\/\\\/amigoearuba.com\\\/wp-content\\\/uploads\\\/2026\\\/04\\\/default-news-332.jpg\",\"articleSection\":[\"Politiek\"],\"inLanguage\":\"nl-NL\",\"potentialAction\":[{\"@type\":\"CommentAction\",\"name\":\"Comment\",\"target\":[\"https:\\\/\\\/amigoearuba.com\\\/?p=12105#respond\"]}]},{\"@type\":\"WebPage\",\"@id\":\"https:\\\/\\\/amigoearuba.com\\\/?p=12105\",\"url\":\"https:\\\/\\\/amigoearuba.com\\\/?p=12105\",\"name\":\"Ruthsella Agueda Jansen nieuwe waarnemend Gouverneur van Cura\u00e7ao - Amigoe Aruba\",\"isPartOf\":{\"@id\":\"https:\\\/\\\/amigoearuba.com\\\/#website\"},\"primaryImageOfPage\":{\"@id\":\"https:\\\/\\\/amigoearuba.com\\\/?p=12105#primaryimage\"},\"image\":{\"@id\":\"https:\\\/\\\/amigoearuba.com\\\/?p=12105#primaryimage\"},\"thumbnailUrl\":\"https:\\\/\\\/amigoearuba.com\\\/wp-content\\\/uploads\\\/2026\\\/04\\\/default-news-332.jpg\",\"datePublished\":\"2025-10-31T14:08:24+00:00\",\"dateModified\":\"2026-04-24T23:59:39+00:00\",\"breadcrumb\":{\"@id\":\"https:\\\/\\\/amigoearuba.com\\\/?p=12105#breadcrumb\"},\"inLanguage\":\"nl-NL\",\"potentialAction\":[{\"@type\":\"ReadAction\",\"target\":[\"https:\\\/\\\/amigoearuba.com\\\/?p=12105\"]}]},{\"@type\":\"ImageObject\",\"inLanguage\":\"nl-NL\",\"@id\":\"https:\\\/\\\/amigoearuba.com\\\/?p=12105#primaryimage\",\"url\":\"https:\\\/\\\/amigoearuba.com\\\/wp-content\\\/uploads\\\/2026\\\/04\\\/default-news-332.jpg\",\"contentUrl\":\"https:\\\/\\\/amigoearuba.com\\\/wp-content\\\/uploads\\\/2026\\\/04\\\/default-news-332.jpg\",\"width\":1280,\"height\":720},{\"@type\":\"BreadcrumbList\",\"@id\":\"https:\\\/\\\/amigoearuba.com\\\/?p=12105#breadcrumb\",\"itemListElement\":[{\"@type\":\"ListItem\",\"position\":1,\"name\":\"Home\",\"item\":\"https:\\\/\\\/amigoearuba.com\\\/\"},{\"@type\":\"ListItem\",\"position\":2,\"name\":\"Ruthsella Agueda Jansen nieuwe waarnemend Gouverneur van Cura\u00e7ao\"}]},{\"@type\":\"WebSite\",\"@id\":\"https:\\\/\\\/amigoearuba.com\\\/#website\",\"url\":\"https:\\\/\\\/amigoearuba.com\\\/\",\"name\":\"Amigoe Aruba\",\"description\":\"\",\"publisher\":{\"@id\":\"https:\\\/\\\/amigoearuba.com\\\/#organization\"},\"potentialAction\":[{\"@type\":\"SearchAction\",\"target\":{\"@type\":\"EntryPoint\",\"urlTemplate\":\"https:\\\/\\\/amigoearuba.com\\\/?s={search_term_string}\"},\"query-input\":{\"@type\":\"PropertyValueSpecification\",\"valueRequired\":true,\"valueName\":\"search_term_string\"}}],\"inLanguage\":\"nl-NL\"},{\"@type\":\"Organization\",\"@id\":\"https:\\\/\\\/amigoearuba.com\\\/#organization\",\"name\":\"Amigoe Aruba\",\"url\":\"https:\\\/\\\/amigoearuba.com\\\/\",\"logo\":{\"@type\":\"ImageObject\",\"inLanguage\":\"nl-NL\",\"@id\":\"https:\\\/\\\/amigoearuba.com\\\/#\\\/schema\\\/logo\\\/image\\\/\",\"url\":\"https:\\\/\\\/amigoearuba.com\\\/wp-content\\\/uploads\\\/2025\\\/06\\\/Asset-33amigoe@3x.png\",\"contentUrl\":\"https:\\\/\\\/amigoearuba.com\\\/wp-content\\\/uploads\\\/2025\\\/06\\\/Asset-33amigoe@3x.png\",\"width\":223,\"height\":72,\"caption\":\"Amigoe Aruba\"},\"image\":{\"@id\":\"https:\\\/\\\/amigoearuba.com\\\/#\\\/schema\\\/logo\\\/image\\\/\"}},{\"@type\":\"Person\",\"@id\":\"https:\\\/\\\/amigoearuba.com\\\/#\\\/schema\\\/person\\\/bf6efee3e232dd3f7774568893f79bbe\",\"name\":\"Amigoe Aruba\",\"image\":{\"@type\":\"ImageObject\",\"inLanguage\":\"nl-NL\",\"@id\":\"https:\\\/\\\/secure.gravatar.com\\\/avatar\\\/393414aeb45fea6a12f8d5e0d40843d9b3a5c2919bde6e207590d000a8671b26?s=96&d=mm&r=g\",\"url\":\"https:\\\/\\\/secure.gravatar.com\\\/avatar\\\/393414aeb45fea6a12f8d5e0d40843d9b3a5c2919bde6e207590d000a8671b26?s=96&d=mm&r=g\",\"contentUrl\":\"https:\\\/\\\/secure.gravatar.com\\\/avatar\\\/393414aeb45fea6a12f8d5e0d40843d9b3a5c2919bde6e207590d000a8671b26?s=96&d=mm&r=g\",\"caption\":\"Amigoe Aruba\"},\"sameAs\":[\"https:\\\/\\\/amigoearuba.com\"],\"url\":\"https:\\\/\\\/amigoearuba.com\\\/?author=1\"}]}<\/script>\n<!-- \/ Yoast SEO plugin. -->","yoast_head_json":{"title":"Ruthsella Agueda Jansen nieuwe waarnemend Gouverneur van Cura\u00e7ao - Amigoe Aruba","robots":{"index":"index","follow":"follow","max-snippet":"max-snippet:-1","max-image-preview":"max-image-preview:large","max-video-preview":"max-video-preview:-1"},"canonical":"https:\/\/amigoearuba.com\/?p=12105","og_locale":"nl_NL","og_type":"article","og_title":"Ruthsella Agueda Jansen nieuwe waarnemend Gouverneur van Cura\u00e7ao - Amigoe Aruba","og_description":"Ruthsella Agueda Jansen is voorgedragen voor benoeming tot waarnemend Gouverneur van Cura\u00e7ao. Zij volgt Mich\u00e8le Russel-Capriles op, van wie de ambtstermijn op 1 september 2025 afliep.","og_url":"https:\/\/amigoearuba.com\/?p=12105","og_site_name":"Amigoe Aruba","article_published_time":"2025-10-31T14:08:24+00:00","article_modified_time":"2026-04-24T23:59:39+00:00","og_image":[{"width":1280,"height":720,"url":"https:\/\/amigoearuba.com\/wp-content\/uploads\/2026\/04\/default-news-332.jpg","type":"image\/jpeg"}],"author":"Amigoe Aruba","twitter_card":"summary_large_image","twitter_misc":{"Geschreven door":"Amigoe Aruba","Verwachte leestijd":"1 minuut"},"schema":{"@context":"https:\/\/schema.org","@graph":[{"@type":"Article","@id":"https:\/\/amigoearuba.com\/?p=12105#article","isPartOf":{"@id":"https:\/\/amigoearuba.com\/?p=12105"},"author":{"name":"Amigoe Aruba","@id":"https:\/\/amigoearuba.com\/#\/schema\/person\/bf6efee3e232dd3f7774568893f79bbe"},"headline":"Ruthsella Agueda Jansen nieuwe waarnemend Gouverneur van Cura\u00e7ao","datePublished":"2025-10-31T14:08:24+00:00","dateModified":"2026-04-24T23:59:39+00:00","mainEntityOfPage":{"@id":"https:\/\/amigoearuba.com\/?p=12105"},"wordCount":163,"commentCount":0,"publisher":{"@id":"https:\/\/amigoearuba.com\/#organization"},"image":{"@id":"https:\/\/amigoearuba.com\/?p=12105#primaryimage"},"thumbnailUrl":"https:\/\/amigoearuba.com\/wp-content\/uploads\/2026\/04\/default-news-332.jpg","articleSection":["Politiek"],"inLanguage":"nl-NL","potentialAction":[{"@type":"CommentAction","name":"Comment","target":["https:\/\/amigoearuba.com\/?p=12105#respond"]}]},{"@type":"WebPage","@id":"https:\/\/amigoearuba.com\/?p=12105","url":"https:\/\/amigoearuba.com\/?p=12105","name":"Ruthsella Agueda Jansen nieuwe waarnemend Gouverneur van Cura\u00e7ao - Amigoe Aruba","isPartOf":{"@id":"https:\/\/amigoearuba.com\/#website"},"primaryImageOfPage":{"@id":"https:\/\/amigoearuba.com\/?p=12105#primaryimage"},"image":{"@id":"https:\/\/amigoearuba.com\/?p=12105#primaryimage"},"thumbnailUrl":"https:\/\/amigoearuba.com\/wp-content\/uploads\/2026\/04\/default-news-332.jpg","datePublished":"2025-10-31T14:08:24+00:00","dateModified":"2026-04-24T23:59:39+00:00","breadcrumb":{"@id":"https:\/\/amigoearuba.com\/?p=12105#breadcrumb"},"inLanguage":"nl-NL","potentialAction":[{"@type":"ReadAction","target":["https:\/\/amigoearuba.com\/?p=12105"]}]},{"@type":"ImageObject","inLanguage":"nl-NL","@id":"https:\/\/amigoearuba.com\/?p=12105#primaryimage","url":"https:\/\/amigoearuba.com\/wp-content\/uploads\/2026\/04\/default-news-332.jpg","contentUrl":"https:\/\/amigoearuba.com\/wp-content\/uploads\/2026\/04\/default-news-332.jpg","width":1280,"height":720},{"@type":"BreadcrumbList","@id":"https:\/\/amigoearuba.com\/?p=12105#breadcrumb","itemListElement":[{"@type":"ListItem","position":1,"name":"Home","item":"https:\/\/amigoearuba.com\/"},{"@type":"ListItem","position":2,"name":"Ruthsella Agueda Jansen nieuwe waarnemend Gouverneur van Cura\u00e7ao"}]},{"@type":"WebSite","@id":"https:\/\/amigoearuba.com\/#website","url":"https:\/\/amigoearuba.com\/","name":"Amigoe Aruba","description":"","publisher":{"@id":"https:\/\/amigoearuba.com\/#organization"},"potentialAction":[{"@type":"SearchAction","target":{"@type":"EntryPoint","urlTemplate":"https:\/\/amigoearuba.com\/?s={search_term_string}"},"query-input":{"@type":"PropertyValueSpecification","valueRequired":true,"valueName":"search_term_string"}}],"inLanguage":"nl-NL"},{"@type":"Organization","@id":"https:\/\/amigoearuba.com\/#organization","name":"Amigoe Aruba","url":"https:\/\/amigoearuba.com\/","logo":{"@type":"ImageObject","inLanguage":"nl-NL","@id":"https:\/\/amigoearuba.com\/#\/schema\/logo\/image\/","url":"https:\/\/amigoearuba.com\/wp-content\/uploads\/2025\/06\/Asset-33amigoe@3x.png","contentUrl":"https:\/\/amigoearuba.com\/wp-content\/uploads\/2025\/06\/Asset-33amigoe@3x.png","width":223,"height":72,"caption":"Amigoe Aruba"},"image":{"@id":"https:\/\/amigoearuba.com\/#\/schema\/logo\/image\/"}},{"@type":"Person","@id":"https:\/\/amigoearuba.com\/#\/schema\/person\/bf6efee3e232dd3f7774568893f79bbe","name":"Amigoe Aruba","image":{"@type":"ImageObject","inLanguage":"nl-NL","@id":"https:\/\/secure.gravatar.com\/avatar\/393414aeb45fea6a12f8d5e0d40843d9b3a5c2919bde6e207590d000a8671b26?s=96&d=mm&r=g","url":"https:\/\/secure.gravatar.com\/avatar\/393414aeb45fea6a12f8d5e0d40843d9b3a5c2919bde6e207590d000a8671b26?s=96&d=mm&r=g","contentUrl":"https:\/\/secure.gravatar.com\/avatar\/393414aeb45fea6a12f8d5e0d40843d9b3a5c2919bde6e207590d000a8671b26?s=96&d=mm&r=g","caption":"Amigoe Aruba"},"sameAs":["https:\/\/amigoearuba.com"],"url":"https:\/\/amigoearuba.com\/?author=1"}]}},"jetpack_featured_media_url":"https:\/\/amigoearuba.com\/wp-content\/uploads\/2026\/04\/default-news-332.jpg","uagb_featured_image_src":{"full":["https:\/\/amigoearuba.com\/wp-content\/uploads\/2026\/04\/default-news-332.jpg",1280,720,false],"thumbnail":["https:\/\/amigoearuba.com\/wp-content\/uploads\/2026\/04\/default-news-332-150x150.jpg",150,150,true],"medium":["https:\/\/amigoearuba.com\/wp-content\/uploads\/2026\/04\/default-news-332-300x169.jpg",300,169,true],"medium_large":["https:\/\/amigoearuba.com\/wp-content\/uploads\/2026\/04\/default-news-332-768x432.jpg",696,392,true],"large":["https:\/\/amigoearuba.com\/wp-content\/uploads\/2026\/04\/default-news-332-1024x576.jpg",696,392,true],"1536x1536":["https:\/\/amigoearuba.com\/wp-content\/uploads\/2026\/04\/default-news-332.jpg",1280,720,false],"2048x2048":["https:\/\/amigoearuba.com\/wp-content\/uploads\/2026\/04\/default-news-332.jpg",1280,720,false],"td_0x420":["https:\/\/amigoearuba.com\/wp-content\/uploads\/2026\/04\/default-news-332-747x420.jpg",747,420,true],"td_80x60":["https:\/\/amigoearuba.com\/wp-content\/uploads\/2026\/04\/default-news-332-80x60.jpg",80,60,true],"td_150x0":["https:\/\/amigoearuba.com\/wp-content\/uploads\/2026\/04\/default-news-332-150x84.jpg",150,84,true],"td_218x150":["https:\/\/amigoearuba.com\/wp-content\/uploads\/2026\/04\/default-news-332-218x150.jpg",218,150,true],"td_300x0":["https:\/\/amigoearuba.com\/wp-content\/uploads\/2026\/04\/default-news-332-300x169.jpg",300,169,true],"td_324x400":["https:\/\/amigoearuba.com\/wp-content\/uploads\/2026\/04\/default-news-332-324x400.jpg",324,400,true],"td_485x360":["https:\/\/amigoearuba.com\/wp-content\/uploads\/2026\/04\/default-news-332-485x360.jpg",485,360,true],"td_696x0":["https:\/\/amigoearuba.com\/wp-content\/uploads\/2026\/04\/default-news-332-696x392.jpg",696,392,true],"td_1068x0":["https:\/\/amigoearuba.com\/wp-content\/uploads\/2026\/04\/default-news-332-1068x601.jpg",1068,601,true],"td_1920x0":["https:\/\/amigoearuba.com\/wp-content\/uploads\/2026\/04\/default-news-332.jpg",1280,720,false],"td_265x198":["https:\/\/amigoearuba.com\/wp-content\/uploads\/2026\/04\/default-news-332-265x198.jpg",265,198,true],"td_741x486":["https:\/\/amigoearuba.com\/wp-content\/uploads\/2026\/04\/default-news-332-741x486.jpg",741,486,true]},"uagb_author_info":{"display_name":"Amigoe Aruba","author_link":"https:\/\/amigoearuba.com\/?author=1"},"uagb_comment_info":0,"uagb_excerpt":"Ruthsella Agueda Jansen is voorgedragen voor benoeming tot waarnemend Gouverneur van Cura\u00e7ao. Zij volgt Mich\u00e8le Russel-Capriles op, van wie de ambtstermijn op 1 september 2025 afliep.","amp_enabled":true,"_links":{"self":[{"href":"https:\/\/amigoearuba.com\/index.php?rest_route=\/wp\/v2\/posts\/12105","targetHints":{"allow":["GET"]}}],"collection":[{"href":"https:\/\/amigoearuba.com\/index.php?rest_route=\/wp\/v2\/posts"}],"about":[{"href":"https:\/\/amigoearuba.com\/index.php?rest_route=\/wp\/v2\/types\/post"}],"author":[{"embeddable":true,"href":"https:\/\/amigoearuba.com\/index.php?rest_route=\/wp\/v2\/users\/1"}],"replies":[{"embeddable":true,"href":"https:\/\/amigoearuba.com\/index.php?rest_route=%2Fwp%2Fv2%2Fcomments&post=12105"}],"version-history":[{"count":1,"href":"https:\/\/amigoearuba.com\/index.php?rest_route=\/wp\/v2\/posts\/12105\/revisions"}],"predecessor-version":[{"id":12106,"href":"https:\/\/amigoearuba.com\/index.php?rest_route=\/wp\/v2\/posts\/12105\/revisions\/12106"}],"wp:featuredmedia":[{"embeddable":true,"href":"https:\/\/amigoearuba.com\/index.php?rest_route=\/wp\/v2\/media\/12104"}],"wp:attachment":[{"href":"https:\/\/amigoearuba.com\/index.php?rest_route=%2Fwp%2Fv2%2Fmedia&parent=12105"}],"wp:term":[{"taxonomy":"category","embeddable":true,"href":"https:\/\/amigoearuba.com\/index.php?rest_route=%2Fwp%2Fv2%2Fcategories&post=12105"},{"taxonomy":"post_tag","embeddable":true,"href":"https:\/\/amigoearuba.com\/index.php?rest_route=%2Fwp%2Fv2%2Ftags&post=12105"}],"curies":[{"name":"wp","href":"https:\/\/api.w.org\/{rel}","templated":true}]}}