{"id":12015,"date":"2025-10-28T18:50:19","date_gmt":"2025-10-28T22:50:19","guid":{"rendered":"https:\/\/amigoearuba.com\/?p=12015"},"modified":"2026-04-24T19:43:53","modified_gmt":"2026-04-24T23:43:53","slug":"ser-curacao-nodigt-pers-uit-voor-opening-aicesis-bijeenkomst-in-willemstad","status":"publish","type":"post","link":"https:\/\/amigoearuba.com\/?p=12015","title":{"rendered":"SER Cura\u00e7ao nodigt pers uit voor opening AICESIS-bijeenkomst in Willemstad"},"content":{"rendered":"<p>WILLEMSTAD \u2014 De Sociaal-Economische Raad van Cura\u00e7ao (SER) heeft mediavertegenwoordigers uitgenodigd voor de verslaggeving van de offici\u00eble opening van de AICESIS Statutory Meeting 2025. De bijeenkomst vindt plaats op vrijdag 31 oktober 2025 van 9.00 tot 11.00 uur in het Renaissance Windcreek Cura\u00e7ao Resort in Willemstad.<\/p>\n<p>Tijdens de openingssessie worden offici\u00eble toespraken gehouden. Volgens de uitnodiging behoort ook de minister-president van Cura\u00e7ao tot de sprekers. Verder staat een offici\u00eble groepsfoto van de deelnemende delegaties op het programma.<\/p>\n<p>De toegang voor de pers is beperkt tot de openingssessie. De aangewezen perszone bevindt zich achterin de conferentiezaal, de Atrium-zaal. Toegang tot plenaire sessies is uitsluitend mogelijk op uitnodiging of na goedkeuring van de SER. Achter-de-schermenruimtes, besloten bijeenkomsten en beveiligde zones blijven niet toegankelijk voor de media.<\/p>\n<p>Beeld- en geluidsopnames zijn alleen toegestaan in de daarvoor bestemde ruimtes of na voorafgaande toestemming. Bij de afronding van de oprichting van de General Assembly zal een groepsfoto worden gemaakt, waarbij ook de pers aanwezig kan zijn.<\/p>\n<p>De organisatie stelt daarnaast eisen aan kleding en gedrag. Van mediavertegenwoordigers wordt een zakelijke en representatieve kledingstijl verwacht. Informele kleding zoals T-shirts, korte broeken en slippers is tijdens de offici\u00eble bijeenkomst en persmomenten niet toegestaan.<\/p>\n<p>Ook wordt van de pers gevraagd zich professioneel, respectvol en discreet te gedragen tegenover sprekers, deelnemers en bezoekers. Camera\u2019s en geluidsapparatuur mogen de voortgang van de sessies niet verstoren. Vragen aan sprekers of gasten moeten verlopen via de aangewezen perscontactpersonen.<\/p>\n<p>Interviews kunnen vooraf worden aangevraagd of tijdens het evenement worden afgestemd op basis van de beschikbaarheid van de sprekers. Voor contact met de organisatie is Vinanshely Jacobus namens SER Cura\u00e7ao aangewezen als perscontact. Zij is bereikbaar via telefoonnummer +599 9 6617386 en e-mail vinanshely@gmail.com.<\/p>\n<p>Volgens het protocol moeten audiovisuele opnames en publicaties de inhoud en context van het evenement correct weergeven. Citeren uit toespraken of documenten is alleen toegestaan met duidelijke bronvermelding: \u201cAICESIS Algemene Vergadering 2025, SER Cura\u00e7ao\u201d.<\/p>\n","protected":false},"excerpt":{"rendered":"<p>De Sociaal-Economische Raad van Cura\u00e7ao heeft de pers uitgenodigd voor de offici\u00eble opening van de AICESIS Statutory Meeting 2025 op vrijdag 31 oktober in het Renaissance Windcreek Cura\u00e7ao Resort.<\/p>\n","protected":false},"author":1,"featured_media":12014,"comment_status":"open","ping_status":"open","sticky":false,"template":"","format":"standard","meta":{"_uag_custom_page_level_css":"","tdm_status":"","tdm_grid_status":"","footnotes":""},"categories":[172],"tags":[],"class_list":{"0":"post-12015","1":"post","2":"type-post","3":"status-publish","4":"format-standard","5":"has-post-thumbnail","7":"category-lokaal"},"yoast_head":"<!-- This site is optimized with the Yoast SEO plugin v27.3 - https:\/\/yoast.com\/product\/yoast-seo-wordpress\/ -->\n<title>SER Cura\u00e7ao nodigt pers uit voor opening AICESIS-bijeenkomst in Willemstad - Amigoe Aruba<\/title>\n<meta name=\"robots\" content=\"index, follow, max-snippet:-1, max-image-preview:large, max-video-preview:-1\" \/>\n<link rel=\"canonical\" href=\"https:\/\/amigoearuba.com\/?p=12015\" \/>\n<meta property=\"og:locale\" content=\"nl_NL\" \/>\n<meta property=\"og:type\" content=\"article\" \/>\n<meta property=\"og:title\" content=\"SER Cura\u00e7ao nodigt pers uit voor opening AICESIS-bijeenkomst in Willemstad - Amigoe Aruba\" \/>\n<meta property=\"og:description\" content=\"De Sociaal-Economische Raad van Cura\u00e7ao heeft de pers uitgenodigd voor de offici\u00eble opening van de AICESIS Statutory Meeting 2025 op vrijdag 31 oktober in het Renaissance Windcreek Cura\u00e7ao Resort.\" \/>\n<meta property=\"og:url\" content=\"https:\/\/amigoearuba.com\/?p=12015\" \/>\n<meta property=\"og:site_name\" content=\"Amigoe Aruba\" \/>\n<meta property=\"article:published_time\" content=\"2025-10-28T22:50:19+00:00\" \/>\n<meta property=\"article:modified_time\" content=\"2026-04-24T23:43:53+00:00\" \/>\n<meta property=\"og:image\" content=\"https:\/\/amigoearuba.com\/wp-content\/uploads\/2026\/04\/image-6.png\" \/>\n\t<meta property=\"og:image:width\" content=\"1545\" \/>\n\t<meta property=\"og:image:height\" content=\"2000\" \/>\n\t<meta property=\"og:image:type\" content=\"image\/png\" \/>\n<meta name=\"author\" content=\"Amigoe Aruba\" \/>\n<meta name=\"twitter:card\" content=\"summary_large_image\" \/>\n<meta name=\"twitter:label1\" content=\"Geschreven door\" \/>\n\t<meta name=\"twitter:data1\" content=\"Amigoe Aruba\" \/>\n\t<meta name=\"twitter:label2\" content=\"Verwachte leestijd\" \/>\n\t<meta name=\"twitter:data2\" content=\"2 minuten\" \/>\n<script type=\"application\/ld+json\" class=\"yoast-schema-graph\">{\"@context\":\"https:\\\/\\\/schema.org\",\"@graph\":[{\"@type\":\"Article\",\"@id\":\"https:\\\/\\\/amigoearuba.com\\\/?p=12015#article\",\"isPartOf\":{\"@id\":\"https:\\\/\\\/amigoearuba.com\\\/?p=12015\"},\"author\":{\"name\":\"Amigoe Aruba\",\"@id\":\"https:\\\/\\\/amigoearuba.com\\\/#\\\/schema\\\/person\\\/bf6efee3e232dd3f7774568893f79bbe\"},\"headline\":\"SER Cura\u00e7ao nodigt pers uit voor opening AICESIS-bijeenkomst in Willemstad\",\"datePublished\":\"2025-10-28T22:50:19+00:00\",\"dateModified\":\"2026-04-24T23:43:53+00:00\",\"mainEntityOfPage\":{\"@id\":\"https:\\\/\\\/amigoearuba.com\\\/?p=12015\"},\"wordCount\":327,\"commentCount\":0,\"publisher\":{\"@id\":\"https:\\\/\\\/amigoearuba.com\\\/#organization\"},\"image\":{\"@id\":\"https:\\\/\\\/amigoearuba.com\\\/?p=12015#primaryimage\"},\"thumbnailUrl\":\"https:\\\/\\\/amigoearuba.com\\\/wp-content\\\/uploads\\\/2026\\\/04\\\/image-6.png\",\"articleSection\":[\"Lokaal\"],\"inLanguage\":\"nl-NL\",\"potentialAction\":[{\"@type\":\"CommentAction\",\"name\":\"Comment\",\"target\":[\"https:\\\/\\\/amigoearuba.com\\\/?p=12015#respond\"]}]},{\"@type\":\"WebPage\",\"@id\":\"https:\\\/\\\/amigoearuba.com\\\/?p=12015\",\"url\":\"https:\\\/\\\/amigoearuba.com\\\/?p=12015\",\"name\":\"SER Cura\u00e7ao nodigt pers uit voor opening AICESIS-bijeenkomst in Willemstad - Amigoe Aruba\",\"isPartOf\":{\"@id\":\"https:\\\/\\\/amigoearuba.com\\\/#website\"},\"primaryImageOfPage\":{\"@id\":\"https:\\\/\\\/amigoearuba.com\\\/?p=12015#primaryimage\"},\"image\":{\"@id\":\"https:\\\/\\\/amigoearuba.com\\\/?p=12015#primaryimage\"},\"thumbnailUrl\":\"https:\\\/\\\/amigoearuba.com\\\/wp-content\\\/uploads\\\/2026\\\/04\\\/image-6.png\",\"datePublished\":\"2025-10-28T22:50:19+00:00\",\"dateModified\":\"2026-04-24T23:43:53+00:00\",\"breadcrumb\":{\"@id\":\"https:\\\/\\\/amigoearuba.com\\\/?p=12015#breadcrumb\"},\"inLanguage\":\"nl-NL\",\"potentialAction\":[{\"@type\":\"ReadAction\",\"target\":[\"https:\\\/\\\/amigoearuba.com\\\/?p=12015\"]}]},{\"@type\":\"ImageObject\",\"inLanguage\":\"nl-NL\",\"@id\":\"https:\\\/\\\/amigoearuba.com\\\/?p=12015#primaryimage\",\"url\":\"https:\\\/\\\/amigoearuba.com\\\/wp-content\\\/uploads\\\/2026\\\/04\\\/image-6.png\",\"contentUrl\":\"https:\\\/\\\/amigoearuba.com\\\/wp-content\\\/uploads\\\/2026\\\/04\\\/image-6.png\",\"width\":1545,\"height\":2000},{\"@type\":\"BreadcrumbList\",\"@id\":\"https:\\\/\\\/amigoearuba.com\\\/?p=12015#breadcrumb\",\"itemListElement\":[{\"@type\":\"ListItem\",\"position\":1,\"name\":\"Home\",\"item\":\"https:\\\/\\\/amigoearuba.com\\\/\"},{\"@type\":\"ListItem\",\"position\":2,\"name\":\"SER Cura\u00e7ao nodigt pers uit voor opening AICESIS-bijeenkomst in Willemstad\"}]},{\"@type\":\"WebSite\",\"@id\":\"https:\\\/\\\/amigoearuba.com\\\/#website\",\"url\":\"https:\\\/\\\/amigoearuba.com\\\/\",\"name\":\"Amigoe Aruba\",\"description\":\"\",\"publisher\":{\"@id\":\"https:\\\/\\\/amigoearuba.com\\\/#organization\"},\"potentialAction\":[{\"@type\":\"SearchAction\",\"target\":{\"@type\":\"EntryPoint\",\"urlTemplate\":\"https:\\\/\\\/amigoearuba.com\\\/?s={search_term_string}\"},\"query-input\":{\"@type\":\"PropertyValueSpecification\",\"valueRequired\":true,\"valueName\":\"search_term_string\"}}],\"inLanguage\":\"nl-NL\"},{\"@type\":\"Organization\",\"@id\":\"https:\\\/\\\/amigoearuba.com\\\/#organization\",\"name\":\"Amigoe Aruba\",\"url\":\"https:\\\/\\\/amigoearuba.com\\\/\",\"logo\":{\"@type\":\"ImageObject\",\"inLanguage\":\"nl-NL\",\"@id\":\"https:\\\/\\\/amigoearuba.com\\\/#\\\/schema\\\/logo\\\/image\\\/\",\"url\":\"https:\\\/\\\/amigoearuba.com\\\/wp-content\\\/uploads\\\/2025\\\/06\\\/Asset-33amigoe@3x.png\",\"contentUrl\":\"https:\\\/\\\/amigoearuba.com\\\/wp-content\\\/uploads\\\/2025\\\/06\\\/Asset-33amigoe@3x.png\",\"width\":223,\"height\":72,\"caption\":\"Amigoe Aruba\"},\"image\":{\"@id\":\"https:\\\/\\\/amigoearuba.com\\\/#\\\/schema\\\/logo\\\/image\\\/\"}},{\"@type\":\"Person\",\"@id\":\"https:\\\/\\\/amigoearuba.com\\\/#\\\/schema\\\/person\\\/bf6efee3e232dd3f7774568893f79bbe\",\"name\":\"Amigoe Aruba\",\"image\":{\"@type\":\"ImageObject\",\"inLanguage\":\"nl-NL\",\"@id\":\"https:\\\/\\\/secure.gravatar.com\\\/avatar\\\/393414aeb45fea6a12f8d5e0d40843d9b3a5c2919bde6e207590d000a8671b26?s=96&d=mm&r=g\",\"url\":\"https:\\\/\\\/secure.gravatar.com\\\/avatar\\\/393414aeb45fea6a12f8d5e0d40843d9b3a5c2919bde6e207590d000a8671b26?s=96&d=mm&r=g\",\"contentUrl\":\"https:\\\/\\\/secure.gravatar.com\\\/avatar\\\/393414aeb45fea6a12f8d5e0d40843d9b3a5c2919bde6e207590d000a8671b26?s=96&d=mm&r=g\",\"caption\":\"Amigoe Aruba\"},\"sameAs\":[\"https:\\\/\\\/amigoearuba.com\"],\"url\":\"https:\\\/\\\/amigoearuba.com\\\/?author=1\"}]}<\/script>\n<!-- \/ Yoast SEO plugin. -->","yoast_head_json":{"title":"SER Cura\u00e7ao nodigt pers uit voor opening AICESIS-bijeenkomst in Willemstad - Amigoe Aruba","robots":{"index":"index","follow":"follow","max-snippet":"max-snippet:-1","max-image-preview":"max-image-preview:large","max-video-preview":"max-video-preview:-1"},"canonical":"https:\/\/amigoearuba.com\/?p=12015","og_locale":"nl_NL","og_type":"article","og_title":"SER Cura\u00e7ao nodigt pers uit voor opening AICESIS-bijeenkomst in Willemstad - Amigoe Aruba","og_description":"De Sociaal-Economische Raad van Cura\u00e7ao heeft de pers uitgenodigd voor de offici\u00eble opening van de AICESIS Statutory Meeting 2025 op vrijdag 31 oktober in het Renaissance Windcreek Cura\u00e7ao Resort.","og_url":"https:\/\/amigoearuba.com\/?p=12015","og_site_name":"Amigoe Aruba","article_published_time":"2025-10-28T22:50:19+00:00","article_modified_time":"2026-04-24T23:43:53+00:00","og_image":[{"width":1545,"height":2000,"url":"https:\/\/amigoearuba.com\/wp-content\/uploads\/2026\/04\/image-6.png","type":"image\/png"}],"author":"Amigoe Aruba","twitter_card":"summary_large_image","twitter_misc":{"Geschreven door":"Amigoe Aruba","Verwachte leestijd":"2 minuten"},"schema":{"@context":"https:\/\/schema.org","@graph":[{"@type":"Article","@id":"https:\/\/amigoearuba.com\/?p=12015#article","isPartOf":{"@id":"https:\/\/amigoearuba.com\/?p=12015"},"author":{"name":"Amigoe Aruba","@id":"https:\/\/amigoearuba.com\/#\/schema\/person\/bf6efee3e232dd3f7774568893f79bbe"},"headline":"SER Cura\u00e7ao nodigt pers uit voor opening AICESIS-bijeenkomst in Willemstad","datePublished":"2025-10-28T22:50:19+00:00","dateModified":"2026-04-24T23:43:53+00:00","mainEntityOfPage":{"@id":"https:\/\/amigoearuba.com\/?p=12015"},"wordCount":327,"commentCount":0,"publisher":{"@id":"https:\/\/amigoearuba.com\/#organization"},"image":{"@id":"https:\/\/amigoearuba.com\/?p=12015#primaryimage"},"thumbnailUrl":"https:\/\/amigoearuba.com\/wp-content\/uploads\/2026\/04\/image-6.png","articleSection":["Lokaal"],"inLanguage":"nl-NL","potentialAction":[{"@type":"CommentAction","name":"Comment","target":["https:\/\/amigoearuba.com\/?p=12015#respond"]}]},{"@type":"WebPage","@id":"https:\/\/amigoearuba.com\/?p=12015","url":"https:\/\/amigoearuba.com\/?p=12015","name":"SER Cura\u00e7ao nodigt pers uit voor opening AICESIS-bijeenkomst in Willemstad - Amigoe Aruba","isPartOf":{"@id":"https:\/\/amigoearuba.com\/#website"},"primaryImageOfPage":{"@id":"https:\/\/amigoearuba.com\/?p=12015#primaryimage"},"image":{"@id":"https:\/\/amigoearuba.com\/?p=12015#primaryimage"},"thumbnailUrl":"https:\/\/amigoearuba.com\/wp-content\/uploads\/2026\/04\/image-6.png","datePublished":"2025-10-28T22:50:19+00:00","dateModified":"2026-04-24T23:43:53+00:00","breadcrumb":{"@id":"https:\/\/amigoearuba.com\/?p=12015#breadcrumb"},"inLanguage":"nl-NL","potentialAction":[{"@type":"ReadAction","target":["https:\/\/amigoearuba.com\/?p=12015"]}]},{"@type":"ImageObject","inLanguage":"nl-NL","@id":"https:\/\/amigoearuba.com\/?p=12015#primaryimage","url":"https:\/\/amigoearuba.com\/wp-content\/uploads\/2026\/04\/image-6.png","contentUrl":"https:\/\/amigoearuba.com\/wp-content\/uploads\/2026\/04\/image-6.png","width":1545,"height":2000},{"@type":"BreadcrumbList","@id":"https:\/\/amigoearuba.com\/?p=12015#breadcrumb","itemListElement":[{"@type":"ListItem","position":1,"name":"Home","item":"https:\/\/amigoearuba.com\/"},{"@type":"ListItem","position":2,"name":"SER Cura\u00e7ao nodigt pers uit voor opening AICESIS-bijeenkomst in Willemstad"}]},{"@type":"WebSite","@id":"https:\/\/amigoearuba.com\/#website","url":"https:\/\/amigoearuba.com\/","name":"Amigoe Aruba","description":"","publisher":{"@id":"https:\/\/amigoearuba.com\/#organization"},"potentialAction":[{"@type":"SearchAction","target":{"@type":"EntryPoint","urlTemplate":"https:\/\/amigoearuba.com\/?s={search_term_string}"},"query-input":{"@type":"PropertyValueSpecification","valueRequired":true,"valueName":"search_term_string"}}],"inLanguage":"nl-NL"},{"@type":"Organization","@id":"https:\/\/amigoearuba.com\/#organization","name":"Amigoe Aruba","url":"https:\/\/amigoearuba.com\/","logo":{"@type":"ImageObject","inLanguage":"nl-NL","@id":"https:\/\/amigoearuba.com\/#\/schema\/logo\/image\/","url":"https:\/\/amigoearuba.com\/wp-content\/uploads\/2025\/06\/Asset-33amigoe@3x.png","contentUrl":"https:\/\/amigoearuba.com\/wp-content\/uploads\/2025\/06\/Asset-33amigoe@3x.png","width":223,"height":72,"caption":"Amigoe Aruba"},"image":{"@id":"https:\/\/amigoearuba.com\/#\/schema\/logo\/image\/"}},{"@type":"Person","@id":"https:\/\/amigoearuba.com\/#\/schema\/person\/bf6efee3e232dd3f7774568893f79bbe","name":"Amigoe Aruba","image":{"@type":"ImageObject","inLanguage":"nl-NL","@id":"https:\/\/secure.gravatar.com\/avatar\/393414aeb45fea6a12f8d5e0d40843d9b3a5c2919bde6e207590d000a8671b26?s=96&d=mm&r=g","url":"https:\/\/secure.gravatar.com\/avatar\/393414aeb45fea6a12f8d5e0d40843d9b3a5c2919bde6e207590d000a8671b26?s=96&d=mm&r=g","contentUrl":"https:\/\/secure.gravatar.com\/avatar\/393414aeb45fea6a12f8d5e0d40843d9b3a5c2919bde6e207590d000a8671b26?s=96&d=mm&r=g","caption":"Amigoe Aruba"},"sameAs":["https:\/\/amigoearuba.com"],"url":"https:\/\/amigoearuba.com\/?author=1"}]}},"jetpack_featured_media_url":"https:\/\/amigoearuba.com\/wp-content\/uploads\/2026\/04\/image-6.png","uagb_featured_image_src":{"full":["https:\/\/amigoearuba.com\/wp-content\/uploads\/2026\/04\/image-6.png",1545,2000,false],"thumbnail":["https:\/\/amigoearuba.com\/wp-content\/uploads\/2026\/04\/image-6-150x150.png",150,150,true],"medium":["https:\/\/amigoearuba.com\/wp-content\/uploads\/2026\/04\/image-6-232x300.png",232,300,true],"medium_large":["https:\/\/amigoearuba.com\/wp-content\/uploads\/2026\/04\/image-6-768x994.png",696,901,true],"large":["https:\/\/amigoearuba.com\/wp-content\/uploads\/2026\/04\/image-6-791x1024.png",696,901,true],"1536x1536":["https:\/\/amigoearuba.com\/wp-content\/uploads\/2026\/04\/image-6-1187x1536.png",1187,1536,true],"2048x2048":["https:\/\/amigoearuba.com\/wp-content\/uploads\/2026\/04\/image-6.png",1545,2000,false],"td_0x420":["https:\/\/amigoearuba.com\/wp-content\/uploads\/2026\/04\/image-6-324x420.png",324,420,true],"td_80x60":["https:\/\/amigoearuba.com\/wp-content\/uploads\/2026\/04\/image-6-80x60.png",80,60,true],"td_150x0":["https:\/\/amigoearuba.com\/wp-content\/uploads\/2026\/04\/image-6-150x194.png",150,194,true],"td_218x150":["https:\/\/amigoearuba.com\/wp-content\/uploads\/2026\/04\/image-6-218x150.png",218,150,true],"td_300x0":["https:\/\/amigoearuba.com\/wp-content\/uploads\/2026\/04\/image-6-300x388.png",300,388,true],"td_324x400":["https:\/\/amigoearuba.com\/wp-content\/uploads\/2026\/04\/image-6-324x400.png",324,400,true],"td_485x360":["https:\/\/amigoearuba.com\/wp-content\/uploads\/2026\/04\/image-6-485x360.png",485,360,true],"td_696x0":["https:\/\/amigoearuba.com\/wp-content\/uploads\/2026\/04\/image-6-696x901.png",696,901,true],"td_1068x0":["https:\/\/amigoearuba.com\/wp-content\/uploads\/2026\/04\/image-6-1068x1383.png",1068,1383,true],"td_1920x0":["https:\/\/amigoearuba.com\/wp-content\/uploads\/2026\/04\/image-6.png",1545,2000,false],"td_265x198":["https:\/\/amigoearuba.com\/wp-content\/uploads\/2026\/04\/image-6-265x198.png",265,198,true],"td_741x486":["https:\/\/amigoearuba.com\/wp-content\/uploads\/2026\/04\/image-6-741x486.png",741,486,true]},"uagb_author_info":{"display_name":"Amigoe Aruba","author_link":"https:\/\/amigoearuba.com\/?author=1"},"uagb_comment_info":0,"uagb_excerpt":"De Sociaal-Economische Raad van Cura\u00e7ao heeft de pers uitgenodigd voor de offici\u00eble opening van de AICESIS Statutory Meeting 2025 op vrijdag 31 oktober in het Renaissance Windcreek Cura\u00e7ao Resort.","amp_enabled":true,"_links":{"self":[{"href":"https:\/\/amigoearuba.com\/index.php?rest_route=\/wp\/v2\/posts\/12015","targetHints":{"allow":["GET"]}}],"collection":[{"href":"https:\/\/amigoearuba.com\/index.php?rest_route=\/wp\/v2\/posts"}],"about":[{"href":"https:\/\/amigoearuba.com\/index.php?rest_route=\/wp\/v2\/types\/post"}],"author":[{"embeddable":true,"href":"https:\/\/amigoearuba.com\/index.php?rest_route=\/wp\/v2\/users\/1"}],"replies":[{"embeddable":true,"href":"https:\/\/amigoearuba.com\/index.php?rest_route=%2Fwp%2Fv2%2Fcomments&post=12015"}],"version-history":[{"count":1,"href":"https:\/\/amigoearuba.com\/index.php?rest_route=\/wp\/v2\/posts\/12015\/revisions"}],"predecessor-version":[{"id":12016,"href":"https:\/\/amigoearuba.com\/index.php?rest_route=\/wp\/v2\/posts\/12015\/revisions\/12016"}],"wp:featuredmedia":[{"embeddable":true,"href":"https:\/\/amigoearuba.com\/index.php?rest_route=\/wp\/v2\/media\/12014"}],"wp:attachment":[{"href":"https:\/\/amigoearuba.com\/index.php?rest_route=%2Fwp%2Fv2%2Fmedia&parent=12015"}],"wp:term":[{"taxonomy":"category","embeddable":true,"href":"https:\/\/amigoearuba.com\/index.php?rest_route=%2Fwp%2Fv2%2Fcategories&post=12015"},{"taxonomy":"post_tag","embeddable":true,"href":"https:\/\/amigoearuba.com\/index.php?rest_route=%2Fwp%2Fv2%2Ftags&post=12015"}],"curies":[{"name":"wp","href":"https:\/\/api.w.org\/{rel}","templated":true}]}}